{"id":11181,"date":"2023-10-23T14:16:28","date_gmt":"2023-10-23T13:16:28","guid":{"rendered":"https:\/\/vivreauportugalconsulting.com\/?p=11181"},"modified":"2023-12-18T15:09:05","modified_gmt":"2023-12-18T15:09:05","slug":"projet-fiscal-oe2024-portugal","status":"publish","type":"post","link":"https:\/\/vivreauportugalconsulting.com\/fr_fr\/projet-fiscal-oe2024-portugal\/","title":{"rendered":"Propositions fiscales OE2024"},"content":{"rendered":"\n<div class=\"wp-block-rank-math-toc-block\" id=\"rank-math-toc\"><h3>Au sommaire<\/h3><nav><div><div class=\"\"><a href=\"#1-limpact-de-loe-sur-le-regime-des-residents-non-habituels-et-le-regime-ingressar\">1.L\u2019IMPACT DE L\u2019OE SUR LE R\u00c9GIME DES R\u00c9SIDENTS NON HABITUELS ET LE R\u00c9GIME \u00ab INGRESSAR \u00bb<\/a><\/div><div class=\"\"><a href=\"#3-limpact-de-loe-2024-sur-les-familles\">3. L&rsquo;IMPACT DE L&rsquo;OE2024 SUR LES FAMILLES<\/a><\/div><div class=\"\"><a href=\"#4-limpact-de-loe-sur-les-entreprises-et-linvestissement\">4. L&rsquo;IMPACT DE L&rsquo;OE SUR LES ENTREPRISES ET L&rsquo;INVESTISSEMENT<\/a><\/div><\/div><\/nav><\/div>\n\n\n\n<p class=\"wp-block-paragraph\">Comme chaque ann\u00e9e, le gouvernement pr\u00e9sente devant l\u2019assembl\u00e9e son projet de loi de Finances pour l\u2019ann\u00e9e \u00e0 venir. Au Portugal, le d\u00e9bat et le vote a lieu au alentour du 30 et 31 octobre. Pass\u00e9 cette date et le vote du dit budget, celui-ci est pr\u00e9sent\u00e9 aupr\u00e8s du Bruxelles pour validation. \u00c0 travers cet article, je vais vous pr\u00e9senter les principaux points qui vont \u00eatre d\u00e9battus \u00e0 la fin du mois. Bien entendu, je ferais une mise \u00e0 jour une fois le budget d\u2019\u00e9tat valid\u00e9 et publi\u00e9.<\/p>\n\n\n\n<p class=\"wp-block-paragraph\">Vous verrez qu\u2019a la lecture du <a href=\"https:\/\/vivreauportugalconsulting.com\/budget-2023-amendement-fiscal\/\" data-type=\"post\" data-id=\"9157\">projet<\/a> OE2024, le gouvernement de Monsieur Antonio Costa pr\u00e9voit un rempla\u00e7ant au statut de r\u00e9sident non habituel que nous connaissons \u00e0 l\u2019heure actuel.<\/p>\n\n\n\n<h2 class=\"wp-block-heading\" id=\"propositions-fiscales-oe-2024-analyse\">Propositions fiscales OE2024, analyse<\/h2>\n\n\n\n<h3 class=\"wp-block-heading\" id=\"1-limpact-de-loe-sur-le-regime-des-residents-non-habituels-et-le-regime-ingressar\">1.L\u2019IMPACT DE L\u2019OE SUR LE R\u00c9GIME DES R\u00c9SIDENTS NON HABITUELS ET LE R\u00c9GIME \u00ab INGRESSAR \u00bb<\/h3>\n\n\n\n<h4 class=\"wp-block-heading\" id=\"1-1-le-regime-des-anciens-residents-programme-regressar-ou-le-nouveau-regime-ingressar\">1.1. LE R\u00c9GIME DES ANCIENS R\u00c9SIDENTS (PROGRAMME REGRESSAR) OU LE NOUVEAU R\u00c9GIME \u00ab INGRESSAR \u00bb<\/h4>\n\n\n\n<p class=\"wp-block-paragraph\">Le soi-disant \u00ab Programme Regressar \u00bb devrait \u00eatre \u00e9tendu \u00e0 toutes les personnes physiques qui remplissent les conditions de r\u00e9sidence fiscale au Portugal, entre 2024 et 2026, \u00e0 condition qu&rsquo;elles n&rsquo;aient pas \u00e9t\u00e9 consid\u00e9r\u00e9es comme telles au cours des cinq ann\u00e9es pr\u00e9c\u00e9dentes ( vous l\u2019aurez compris, cette condition est similaire \u00e0 ce qui succ\u00e8de \u00e0 au r\u00e9gime actuel des R\u00e9sidents Non Habituels (RNH)), et au lieu des trois ans requis actuellement.<\/p>\n\n\n\n<p class=\"wp-block-paragraph\">Il n\u2019est donc plus n\u00e9cessaire que les contribuables en question aient eu une r\u00e9sidence fiscale au Portugal au cours d\u2019une p\u00e9riode ant\u00e9rieure, ce qui r\u00e9v\u00e8le un rapprochement avec le r\u00e9gime sp\u00e9cial RNH actuel.<\/p>\n\n\n\n<p class=\"wp-block-paragraph\">Parall\u00e8lement, un plafond quantitatif annuel d&rsquo;exclusion fiscale est propos\u00e9 \u00e0 50 % des revenus provenant d&rsquo;un travail salari\u00e9 ou ind\u00e9pendant [cat\u00e9gories A et B du Code des imp\u00f4ts sur les revenus des personnes physiques (IRS), correspondant \u00e0 250 000 \u20ac, anciennement non-tax\u00e9s. existant.<\/p>\n\n\n\n<p class=\"wp-block-paragraph\">Ce changement propos\u00e9 cible uniquement les contribuables qui sont consid\u00e9r\u00e9s comme r\u00e9sidents fiscaux au Portugal, \u00e0 partir de 2024.<\/p>\n\n\n\n<h4 class=\"wp-block-heading\" id=\"1-2-le-regime-des-residents-non-habituels\">1.2. LE R\u00c9GIME DES R\u00c9SIDENTS NON HABITUELS<\/h4>\n\n\n\n<p class=\"wp-block-paragraph\">Il est propos\u00e9 de mettre fin au r\u00e9gime sp\u00e9cial RNH, avec effet au 1er janvier 2024, en pr\u00e9servant&nbsp;:<\/p>\n\n\n\n<ul class=\"wp-block-list\">\n<li>les contribuables d\u00e9j\u00e0 enregistr\u00e9s comme RNH au Portugal \u00e0 la date d&rsquo;entr\u00e9e en vigueur de cette proposition&nbsp;;<\/li>\n\n\n\n<li>les contribuables qui remplissent les conditions pour b\u00e9n\u00e9ficier de ce r\u00e9gime particulier en 2023, ou qui obtiennent un visa de s\u00e9jour valable jusqu&rsquo;\u00e0 la fin de cette ann\u00e9e, mais qui ne demandent leur inscription au r\u00e9gime RNH qu&rsquo;en 2024, avant sa date limite, soit le 31 mars 2024 .<\/li>\n<\/ul>\n\n\n\n<p class=\"wp-block-paragraph\">Dans les deux cas, le r\u00e9gime sera appliqu\u00e9 jusqu\u2019\u00e0 la fin de sa p\u00e9riode de 10 ann\u00e9es cons\u00e9cutives et selon les modalit\u00e9s actuellement en vigueur.<\/p>\n\n\n\n<h4 class=\"wp-block-heading\" id=\"2-le-nouveau-regime-dincitations-fiscales-a-la-recherche-scientifique-et-a-linnovation\">2.LE NOUVEAU R\u00c9GIME D&rsquo;INCITATIONS FISCALES \u00c0 LA RECHERCHE SCIENTIFIQUE ET \u00c0 L&rsquo;INNOVATION<\/h4>\n\n\n\n<p class=\"wp-block-paragraph\">La cr\u00e9ation, dans le Statut des Avantages Fiscaux (EBF), d&rsquo;un nouveau r\u00e9gime sp\u00e9cial applicable aux contribuables qui (i) deviennent r\u00e9sidents fiscaux au Portugal, (ii) n&rsquo;ont pas \u00e9t\u00e9 r\u00e9sidents au cours des cinq ann\u00e9es pr\u00e9c\u00e9dentes et (iii) gagnent des revenus qui tombent sous:<\/p>\n\n\n\n<ol class=\"wp-block-list\">\n<li>des carri\u00e8res pour les enseignants de l&rsquo;enseignement sup\u00e9rieur et de la recherche scientifique, int\u00e9gr\u00e9es dans le syst\u00e8me scientifique et technologique national ;<\/li>\n\n\n\n<li>des emplois qualifi\u00e9s dans le cadre d&rsquo;avantages contractuels \u00e0 l&rsquo;investissement productif conform\u00e9ment au Code des imp\u00f4ts sur les investissements ;<\/li>\n\n\n\n<li>les emplois de recherche et d\u00e9veloppement, pour les personnels titulaires d&rsquo;un doctorat, dont les co\u00fbts sont \u00e9ligibles au b\u00e9n\u00e9fice du Syst\u00e8me d&rsquo;Incitations Fiscales \u00e0 la Recherche et au D\u00e9veloppement des Entreprises (SIFIDE).<\/li>\n<\/ol>\n\n\n\n<p class=\"wp-block-paragraph\">Pour les contribuables remplissant ces conditions, il est propos\u00e9 d&rsquo;appliquer un taux sp\u00e9cial de 20% sur les revenus nets des cat\u00e9gories A et B gagn\u00e9s dans le cadre des activit\u00e9s \u00e9num\u00e9r\u00e9es ci-dessus, ainsi que la possibilit\u00e9 de b\u00e9n\u00e9ficier d&rsquo;une exon\u00e9ration sur les revenus per\u00e7us \u00e0 l&rsquo;\u00e9tranger. (\u00e0 l&rsquo;exception des retraites).<\/p>\n\n\n\n<p class=\"wp-block-paragraph\">Cette exon\u00e9ration implique toutefois que ces revenus soient pris en compte aux fins de la d\u00e9termination du taux progressif, le cas \u00e9ch\u00e9ant.<\/p>\n\n\n\n<p class=\"wp-block-paragraph\">Par ailleurs, un taux major\u00e9 de 35% devrait \u00eatre appliqu\u00e9 aux revenus per\u00e7us par les contribuables, couverts par ce r\u00e9gime sp\u00e9cial, lorsqu&rsquo;ils sont pay\u00e9s par des entit\u00e9s bas\u00e9es dans des territoires aux r\u00e9gimes fiscaux nettement plus favorables, commun\u00e9ment appel\u00e9s \u00ab paradis fiscaux \u00bb.<\/p>\n\n\n\n<p class=\"wp-block-paragraph\">Ainsi, pendant une p\u00e9riode de 10 ann\u00e9es cons\u00e9cutives, \u00e0 compter de l&rsquo;ann\u00e9e d&rsquo;immatriculation comme r\u00e9sidents sur le territoire portugais, les contribuables pourront b\u00e9n\u00e9ficier de ce r\u00e9gime sp\u00e9cial, \u00e0 condition que dans chacune de ces ann\u00e9es, et \u00e0 tout moment, ils soient consid\u00e9r\u00e9s comme des contribuables. r\u00e9sidents au Portugal, ou recommencer \u00e0 gagner un revenu provenant des activit\u00e9s \u00e9num\u00e9r\u00e9es ci-dessus.<\/p>\n\n\n\n<p class=\"wp-block-paragraph\">De plus, les contribuables \u00e9ligibles doivent s&rsquo;inscrire aupr\u00e8s de la Fondation pour la Science et la Technologie, IP (FCT), aupr\u00e8s de l&rsquo;Agence pour l&rsquo;Investissement et le Commerce Ext\u00e9rieur du Portugal EPE (AICEP), ou aupr\u00e8s de l&rsquo;Agence Nationale de l&rsquo;Innovation, SA (ANI), selon l&rsquo;activit\u00e9. effectu\u00e9es, proc\u00e9dures qui seront communiqu\u00e9es \u00e0 l&rsquo;administration fiscale et qui seront r\u00e9glement\u00e9es par ordonnance \u00e0 publier.<\/p>\n\n\n\n<p class=\"wp-block-paragraph\"><strong>Enfin, il est pr\u00e9cis\u00e9 que les contribuables qui b\u00e9n\u00e9ficient ou ont d\u00e9j\u00e0 b\u00e9n\u00e9fici\u00e9 du r\u00e9gime RNH ou ont opt\u00e9 pour une imposition conform\u00e9ment au r\u00e9gime des Ex-R\u00e9sidents sont exclus de ce r\u00e9gime.<\/strong><\/p>\n\n\n\n<h3 class=\"wp-block-heading\" id=\"3-limpact-de-loe-2024-sur-les-familles\">3. L&rsquo;IMPACT DE L&rsquo;OE2024 SUR LES FAMILLES<\/h3>\n\n\n\n<h4 class=\"wp-block-heading\" id=\"3-1-mise-a-jour-des-baremes-de-cotisation\">3.1. MISE \u00c0 JOUR DES BAR\u00c8MES DE COTISATION<\/h4>\n\n\n\n<p class=\"wp-block-paragraph\">Il est propos\u00e9 que tous les niveaux de l&rsquo;IRS soient mis \u00e0 jour \u00e0 un taux de 3 %, ce qui, s&rsquo;il est confirm\u00e9, sera inf\u00e9rieur \u00e0 l&rsquo;inflation estim\u00e9e pour cette ann\u00e9e, de 4,6 %, et \u00e0 la projection pour 2024, de 3,6 %.<\/p>\n\n\n\n<p class=\"wp-block-paragraph\">Parall\u00e8lement, il est propos\u00e9 d&rsquo;actualiser le taux applicable jusqu&rsquo;\u00e0 la 5\u00e8me tranche, ce qui produit des effets, quoique dans une logique progressive, sur toutes les tranches suivantes.<\/p>\n\n\n\n<figure class=\"wp-block-image\"><a href=\"https:\/\/i0.wp.com\/substackcdn.com\/image\/fetch\/f_auto%2Cq_auto%3Agood%2Cfl_progressive%3Asteep\/https%3A%2F%2Fsubstack-post-media.s3.amazonaws.com%2Fpublic%2Fimages%2F682f139f-9556-4e00-8fe9-7947c163bfb3_927x611.png?ssl=1\" target=\"_blank\" rel=\"noreferrer noopener\"><img data-recalc-dims=\"1\" decoding=\"async\" src=\"https:\/\/i0.wp.com\/substackcdn.com\/image\/fetch\/w_1456%2Cc_limit%2Cf_auto%2Cq_auto%3Agood%2Cfl_progressive%3Asteep\/https%3A%2F%2Fsubstack-post-media.s3.amazonaws.com%2Fpublic%2Fimages%2F682f139f-9556-4e00-8fe9-7947c163bfb3_927x611.png?w=1200&#038;ssl=1\" alt=\"\"\/><\/a><\/figure>\n\n\n\n<h4 class=\"wp-block-heading\" id=\"3-2-extension-de-la-prestation-jeunes-irs\">3.2. EXTENSION DE LA PRESTATION JEUNES IRS<\/h4>\n\n\n\n<p class=\"wp-block-paragraph\">Il est pr\u00e9vu que les pourcentages applicables aux contribuables couverts par le r\u00e9gime IRS Jovem soient augment\u00e9s :<\/p>\n\n\n\n<ul class=\"wp-block-list\">\n<li>\u00e0 100 % (dans la limite de 40 fois la valeur IAS) la premi\u00e8re ann\u00e9e<\/li>\n\n\n\n<li>\u00e0 75 % (dans la limite de 30 fois la valeur IAS) la deuxi\u00e8me ann\u00e9e<\/li>\n\n\n\n<li>\u00e0 50 % (dans la limite de 20 fois la valeur IAS) la troisi\u00e8me et la quatri\u00e8me ann\u00e9e<\/li>\n\n\n\n<li>\u00e0 25% (dans la limite de 10 fois la valeur IAS) la cinqui\u00e8me et derni\u00e8re ann\u00e9e d&rsquo;application du r\u00e9gime fiscal sp\u00e9cial IRS<\/li>\n<\/ul>\n\n\n\n<p class=\"wp-block-paragraph\">Les conditions d\u2019acc\u00e8s et les exigences respectives n\u2019ont pas chang\u00e9.<\/p>\n\n\n\n<h4 class=\"wp-block-heading\" id=\"3-3-clarification-des-deductions-a-la-collecte-de-formation-et-deducation\">3.3. CLARIFICATION DES D\u00c9DUCTIONS \u00c0 LA COLLECTE DE FORMATION ET D&rsquo;\u00c9DUCATION<\/h4>\n\n\n\n<p class=\"wp-block-paragraph\">Le projet de budget de l&rsquo;\u00c9tat pr\u00e9cise que la d\u00e9duction de la perception de l&rsquo;IRS relative aux d\u00e9penses de formation et d&rsquo;\u00e9ducation, actuellement limit\u00e9e \u00e0 un maximum de 30 % de la valeur des d\u00e9penses engag\u00e9es et \u00e0 un maximum absolu de 800 \u20ac par contribuable, comprend \u00e9galement les d\u00e9penses li\u00e9es \u00e0 la formation professionnelle. du contribuable ou de tout membre de son foyer.<\/p>\n\n\n\n<h4 class=\"wp-block-heading\" id=\"3-4-minimum-vital\">3.4. MINIMUM VITAL<\/h4>\n\n\n\n<p class=\"wp-block-paragraph\">Conform\u00e9ment \u00e0 ce qui avait \u00e9t\u00e9 pr\u00e9c\u00e9demment d\u00e9termin\u00e9 par l&rsquo;OE pour 2023, la nouvelle proposition propose de modifier la formule de calcul du minimum vital afin de garantir que, malgr\u00e9 l&rsquo;augmentation du salaire mensuel minimum garanti, qui devrait \u00eatre fix\u00e9 \u00e0 820 \u20ac en Depuis 2024, les contribuables qui gagnent de faibles revenus mensuels bruts ne restent pas soumis \u00e0 l&rsquo;imp\u00f4t IRS.<\/p>\n\n\n\n<p class=\"wp-block-paragraph\">Il est donc pr\u00e9vu que la valeur de r\u00e9f\u00e9rence de l&rsquo;existence minimale corresponde \u00e0 la valeur la plus \u00e9lev\u00e9e comprise entre 11 480 \u20ac et 1,5 x 14 x IAS.<\/p>\n\n\n\n<h4 class=\"wp-block-heading\" id=\"3-5-allegement-des-sanctions-pour-non-respect-des-obligations-declaratives\">3.5. ALL\u00c9GEMENT DES SANCTIONS POUR NON-RESPECT DES OBLIGATIONS D\u00c9CLARATIVES<\/h4>\n\n\n\n<p class=\"wp-block-paragraph\">La proposition OE2024 att\u00e9nue les p\u00e9nalit\u00e9s d\u00e9coulant du non-respect de l&rsquo;obligation de pr\u00e9senter la d\u00e9claration annuelle IRS, en pr\u00e9voyant \u00e0 cet effet que l&rsquo;autorit\u00e9 fiscale et douani\u00e8re doit obligatoirement prendre en compte l&rsquo;existence minimale et les d\u00e9ductions de la perception de l&rsquo;assujetti.<\/p>\n\n\n\n<h3 class=\"wp-block-heading\" id=\"4-limpact-de-loe-sur-les-entreprises-et-linvestissement\"><strong>4. L&rsquo;IMPACT DE L&rsquo;OE SUR LES ENTREPRISES ET L&rsquo;INVESTISSEMENT<\/strong><\/h3>\n\n\n\n<h4 class=\"wp-block-heading\" id=\"4-1-reduction-de-la-periode-damortissement-du-goodwill\">4.1. R\u00c9DUCTION DE LA P\u00c9RIODE D&rsquo;AMORTISSEMENT DU GOODWILL<\/h4>\n\n\n\n<p class=\"wp-block-paragraph\">Il est pr\u00e9vu que la p\u00e9riode de comptabilisation en charge fiscale du <em>goodwill<\/em> acquis dans le cadre d&rsquo;une concentration d&rsquo;activit\u00e9s soit r\u00e9duite de 20 (r\u00e9gime actuel) \u00e0 15 p\u00e9riodes fiscales apr\u00e8s sa comptabilisation initiale.<\/p>\n\n\n\n<p class=\"wp-block-paragraph\">Il est important de noter que ce changement ne s\u2019appliquera que lorsque la comptabilisation initiale aura lieu dans les p\u00e9riodes fiscales commen\u00e7ant le 1er janvier 2024.<\/p>\n\n\n\n<h4 class=\"wp-block-heading\" id=\"4-2-reduction-du-taux-de-cit-applicable-aux-startups\">4.2. R\u00c9DUCTION DU TAUX DE CIT APPLICABLE AUX STARTUPS<\/h4>\n\n\n\n<p class=\"wp-block-paragraph\">La proposition de loi OE pour 2024 propose de r\u00e9duire le taux de l&rsquo;imp\u00f4t sur les soci\u00e9t\u00e9s (IRC) \u00e0 12,5% pour les premiers 50 000 \u20ac de revenu imposable applicable aux petites et moyennes entreprises ou aux soci\u00e9t\u00e9s \u00e0 moyenne capitalisation (Small Mid Cap) <em>,<\/em> lorsque Sont concern\u00e9es les entit\u00e9s l\u00e9galement qualifi\u00e9es de startups et qui r\u00e9pondent cumulativement aux exigences l\u00e9gales suivantes&nbsp;:<\/p>\n\n\n\n<ul class=\"wp-block-list\">\n<li>sont des entreprises innovantes \u00e0 fort potentiel de croissance, dot\u00e9es d&rsquo;un mod\u00e8le \u00e9conomique, de produits ou de services innovants, entrant dans les termes d\u00e9finis par l&rsquo;Ordonnance n\u00b0 195\/2018 du 5 juillet, ou qui ont \u00e9t\u00e9 reconnues adapt\u00e9es par l&rsquo;ANI &#8211; Agence Nationale de l&rsquo;Innovation , SA, dans la pratique d&rsquo;activit\u00e9s de recherche et d\u00e9veloppement ou de certification du processus de reconnaissance des entreprises du secteur technologique ;<\/li>\n\n\n\n<li>avoir r\u00e9alis\u00e9 au moins un tour de financement en capital-risque par une entit\u00e9 l\u00e9galement qualifi\u00e9e pour investir en capital-risque soumise au contr\u00f4le de la Commission du March\u00e9 des Valeurs (CMVM) ou d&rsquo;une autorit\u00e9 internationale similaire \u00e0 la CMVM, ou par apport de capital ou quasi- instruments de capitaux propres d&rsquo;investisseurs non actionnaires fondateurs de la soci\u00e9t\u00e9, \u00e0 savoir de <em>business angels<\/em> , certifi\u00e9s par IAPMEI &#8211; Agence pour la Comp\u00e9titivit\u00e9 et l&rsquo;Innovation, IP (IAPMEI, IP) ;<\/li>\n\n\n\n<li>avoir re\u00e7u un investissement de Banco Portugu\u00eas de Fomento, SA, ou de fonds g\u00e9r\u00e9s par elle, ou de ses soci\u00e9t\u00e9s affili\u00e9es, ou de l&rsquo;un de ses instruments de capital ou quasi-fonds propres.<\/li>\n<\/ul>\n\n\n\n<p class=\"wp-block-paragraph\">Dans le contexte susmentionn\u00e9, il est \u00e9trange que la proposition exige la v\u00e9rification cumulative des exigences mentionn\u00e9es pr\u00e9c\u00e9demment, car la qualification juridique des entit\u00e9s en tant que startup, accord\u00e9e dans la l\u00e9gislation autonome, est moins exigeante, et la v\u00e9rification cumulative des exigences est tout aussi difficile.<\/p>\n\n\n\n<p class=\"wp-block-paragraph\">Enfin, il est \u00e9galement pr\u00e9vu que cet avantage soit soumis aux r\u00e8gles europ\u00e9ennes applicables en mati\u00e8re d&rsquo; aides de <em>minimis<\/em> .<\/p>\n\n\n\n<h4 class=\"wp-block-heading\" id=\"4-3-taux-dimposition-autonomes\">4.3. TAUX D&rsquo;IMPOSITION AUTONOMES<\/h4>\n\n\n\n<p class=\"wp-block-paragraph\">Il est propos\u00e9 de r\u00e9duire les taux d&rsquo;imposition autonomes sur les charges per\u00e7ues ou support\u00e9es par les assujettis qui ne b\u00e9n\u00e9ficient pas d&rsquo;exon\u00e9rations subjectives et qui exercent principalement des activit\u00e9s \u00e0 caract\u00e8re commercial, industriel ou agricole, li\u00e9es aux v\u00e9hicules l\u00e9gers de tourisme, aux marchandises l\u00e9g\u00e8res. v\u00e9hicules, motocyclettes ou motocyclettes, dans les conditions suivantes :<\/p>\n\n\n\n<ul class=\"wp-block-list\">\n<li>de 10% \u00e0 8,5%, dans le cas de v\u00e9hicules dont le co\u00fbt d&rsquo;acquisition est inf\u00e9rieur \u00e0 27 500 \u20ac<\/li>\n\n\n\n<li>de 27,5% \u00e0 22,55%, dans le cas de v\u00e9hicules dont le co\u00fbt d&rsquo;acquisition est \u00e9gal ou sup\u00e9rieur \u00e0 27 500 \u20ac et inf\u00e9rieur \u00e0 35 000 \u20ac<\/li>\n\n\n\n<li>de 35% \u00e0 32,5%, dans le cas de v\u00e9hicules dont le co\u00fbt d&rsquo;acquisition est \u00e9gal ou sup\u00e9rieur \u00e0 35 000 \u20ac<\/li>\n<\/ul>\n\n\n\n<p class=\"wp-block-paragraph\">En ce qui concerne les redevances pour les v\u00e9hicules aliment\u00e9s exclusivement \u00e0 l&rsquo;\u00e9nergie \u00e9lectrique, il est propos\u00e9 de maintenir la fiscalit\u00e9 autonome de 10 %, uniquement si leur co\u00fbt d&rsquo;acquisition d\u00e9passe 62 500 \u20ac, pr\u00e9voyant toutefois d\u00e9sormais la possibilit\u00e9 d&rsquo;exclure cette taxation dans certains cas, \u00e0 savoir lorsqu&rsquo;ils sont affect\u00e9s \u00e0 l&rsquo;exploitation du service de transport public, lorsque leur utilisation est qualifi\u00e9e de revenu d&rsquo;activit\u00e9 salari\u00e9e ou lorsqu&rsquo;ils sont destin\u00e9s \u00e0 \u00eatre lou\u00e9s dans le cadre de l&rsquo;exercice de l&rsquo;activit\u00e9 normale du contribuable.<\/p>\n\n\n\n<h4 class=\"wp-block-heading\" id=\"4-4-augmentation-des-depenses-supportees-sur-lelectricite-et-le-gaz\">4.4. AUGMENTATION DES D\u00c9PENSES SUPPORT\u00c9ES SUR L&rsquo;\u00c9LECTRICIT\u00c9 ET LE GAZ<\/h4>\n\n\n\n<p class=\"wp-block-paragraph\">Il est propos\u00e9 de maintenir le r\u00e9gime extraordinaire de soutien aux charges encourues avec l&rsquo;\u00e9lectricit\u00e9 et le gaz, au cours des p\u00e9riodes fiscales 2023 et 2024, qui pr\u00e9voit une augmentation de 20 % des d\u00e9penses ou des pertes suppl\u00e9mentaires dans la consommation d&rsquo;\u00e9lectricit\u00e9 et de gaz naturel, aux effets de d\u00e9termination de l&rsquo;imp\u00f4t. profit.<\/p>\n\n\n\n<p class=\"wp-block-paragraph\">La proposition pr\u00e9voit \u00e9galement que l&rsquo;augmentation relative \u00e0 la consommation de 2022, dont on ne peut b\u00e9n\u00e9ficier au cours des p\u00e9riodes fiscales 2022 et 2023, car elle d\u00e9passe la limite fix\u00e9e pour l&rsquo;influence des avantages fiscaux sur le r\u00e8glement de l&rsquo;imp\u00f4t, peut \u00eatre envisag\u00e9e jusqu&rsquo;\u00e0 la dixi\u00e8me seconde suivant la p\u00e9riode fiscale. .<\/p>\n\n\n\n<h4 class=\"wp-block-heading\" id=\"4-5-incitation-fiscale-a-la-valorisation-des-salaires\">4.5. INCITATION FISCALE A LA VALORISATION DES SALAIRES<\/h4>\n\n\n\n<p class=\"wp-block-paragraph\">Des changements devraient \u00eatre apport\u00e9s \u00e0 ce r\u00e9gime, cr\u00e9\u00e9 dans la loi OE de 2023, soulignant l&rsquo;augmentation de son applicabilit\u00e9, car il devrait supprimer l&rsquo;exigence de d\u00e9termination des augmentations de salaire par le biais d&rsquo;un instrument dynamique de r\u00e9gulation collective du travail, en plus de Il est \u00e9galement propos\u00e9 de prendre en charge les frais d&rsquo;augmentation des salaires des membres des personnes morales.<\/p>\n\n\n\n<p class=\"wp-block-paragraph\">Il est propos\u00e9 que l&rsquo;augmentation minimale \u00e0 consid\u00e9rer soit de 5% (actuellement 5,1%), dans le but \u00e9galement de clarifier la d\u00e9finition de \u00ab fourchette salariale \u00bb, afin de correspondre au rapport entre la r\u00e9mun\u00e9ration fixe annuelle des 10 % de des travailleurs les mieux pay\u00e9s par rapport au total, et la part de la r\u00e9mun\u00e9ration annuelle fixe des 10 % des travailleurs les moins bien pay\u00e9s, par rapport au total.<\/p>\n\n\n\n<p class=\"wp-block-paragraph\">Aux fins du r\u00e9gime actuellement en vigueur, il est \u00e9galement pr\u00e9vu que la notion d&rsquo;instrument dynamique de r\u00e9gulation collective du travail inclue l&rsquo;ordonnance d&rsquo;extension et l&rsquo;ordonnance sur les conditions de travail.<\/p>\n\n\n\n<h4 class=\"wp-block-heading\" id=\"4-6-regime-fiscal-pour-inciter-la-capitalisation-des-entreprises\">4.6. R\u00c9GIME FISCAL POUR INCITER LA CAPITALISATION DES ENTREPRISES<\/h4>\n\n\n\n<p class=\"wp-block-paragraph\">Dans le cadre du r\u00e9gime fiscal favorisant la capitalisation des soci\u00e9t\u00e9s (qui a succ\u00e9d\u00e9 au r\u00e9gime de r\u00e9mun\u00e9ration dit conventionnel du capital social), il est pr\u00e9vu que l&rsquo;abattement annuel sur l&rsquo;assiette fiscale soit calcul\u00e9 selon un taux variable, correspondant \u00e0 le taux Euribor moyen \u00e0 12 mois, major\u00e9 d&rsquo;un spread de 1,5%.<\/p>\n\n\n\n<p class=\"wp-block-paragraph\">Dans le cas d&rsquo;une petite ou moyenne entreprise ou d&rsquo;une <em>Small Mid Cap<\/em> , le taux de spread pr\u00e9vu dans le projet de loi correspond \u00e0 2 %.<\/p>\n\n\n\n<p class=\"wp-block-paragraph\">Pour d\u00e9terminer l&rsquo;avantage fiscal, il est propos\u00e9 que les augmentations nettes de capitaux propres \u00e9ligibles comprennent l&rsquo;ann\u00e9e elle-m\u00eame et les six ann\u00e9es pr\u00e9c\u00e9dentes (actuellement, le r\u00e9gime pr\u00e9voit l&rsquo;ann\u00e9e elle-m\u00eame et les neuf derni\u00e8res ann\u00e9es pr\u00e9c\u00e9dentes).<\/p>\n\n\n\n<p class=\"wp-block-paragraph\">Il est \u00e9galement propos\u00e9 de renforcer temporairement ce r\u00e9gime, la d\u00e9duction r\u00e9sultant du r\u00e9gime ci-dessus devant \u00eatre augment\u00e9e de 50 % en 2024, de 30 % en 2025 et de 20 % en 2026.<\/p>\n\n\n\n<h4 class=\"wp-block-heading\" id=\"4-7-regime-fiscal-pour-soutenir-linvestissement-et-avantages-fiscaux-contractuels-pour-linvestissement-productif\">4.7. R\u00c9GIME FISCAL POUR SOUTENIR L\u2019INVESTISSEMENT ET AVANTAGES FISCAUX CONTRACTUELS POUR L\u2019INVESTISSEMENT PRODUCTIF<\/h4>\n\n\n\n<p class=\"wp-block-paragraph\">Il est propos\u00e9 que les co\u00fbts li\u00e9s \u00e0 la cr\u00e9ation d&#8217;emplois pour des travailleurs qualifi\u00e9s, poss\u00e9dant au moins un niveau Master, puissent \u00eatre accept\u00e9s comme candidature pertinente, \u00e0 condition que les emplois soient maintenus pendant au moins cinq ans, ou trois ans dans le cas de micro, petites ou moyennes entreprises, ou de petites et moyennes capitalisations.<\/p>\n\n\n\n<p class=\"wp-block-paragraph\">Le co\u00fbt salarial pertinent comprend le salaire brut avant imp\u00f4ts, les cotisations obligatoires \u00e0 la s\u00e9curit\u00e9 sociale, l&rsquo;assurance contre les accidents du travail, les frais de garde des enfants et des proches, ainsi que d&rsquo;autres charges d&rsquo;origine l\u00e9gale ou d\u00e9coulant de la r\u00e9glementation collective du travail.<\/p>\n\n\n\n<p class=\"wp-block-paragraph\">Une mesure d&rsquo;att\u00e9nuation est propos\u00e9e, aux fins du r\u00e9gime fiscal de soutien \u00e0 l&rsquo;investissement (RFAI), \u00e0 condition que cette \u00ab demande pertinente \u00bb, ainsi que le montant de l&rsquo;investissement en immobilisations incorporelles, ne puisse exc\u00e9der 50 % des demandes pertinentes, sauf si l&rsquo;entit\u00e9 est consid\u00e9r\u00e9e comme une micro, petite ou moyenne entreprise, au sens de la recommandation n\u00b0 2003\/361\/CE de la Commission du 6 mai 2003.<\/p>\n\n\n\n<h4 class=\"wp-block-heading\" id=\"5-limpact-de-loe-2024-sur-la-consommation\"><strong>5. L&rsquo;IMPACT DE L&rsquo;OE2024 SUR LA CONSOMMATION<\/strong><\/h4>\n\n\n\n<h4 class=\"wp-block-heading\" id=\"5-1-taxe-sur-la-valeur-ajoutee\">5.1. TAXE SUR LA VALEUR AJOUT\u00c9E<\/h4>\n\n\n\n<p class=\"wp-block-paragraph\">La proposition de loi OE ne pr\u00e9voit pas la continuit\u00e9 du taux z\u00e9ro de taxe sur la valeur ajout\u00e9e (TVA) &#8211; exon\u00e9ration de TVA, avec droit \u00e0 d\u00e9duction, pour le panier alimentaire de base. Il est propos\u00e9 d&rsquo;exon\u00e9rer de la TVA certains services culturels, accord\u00e9s \u00e0 titre gratuit, aux personnes qui accompagnent d&rsquo;autres personnes pr\u00e9sentant un degr\u00e9 d&rsquo;incapacit\u00e9 permanente, \u00e9gal ou sup\u00e9rieur \u00e0 60 %, d\u00fbment prouv\u00e9 par un certificat m\u00e9dical, et dont elles d\u00e9pendent pour l&rsquo;exercice de leurs fonctions. visite.<\/p>\n\n\n\n<p class=\"wp-block-paragraph\">Il est propos\u00e9 de maintenir l&rsquo;exon\u00e9ration de TVA, jusqu&rsquo;au 31 d\u00e9cembre 2024, applicable \u00e0 la transmission des engrais, engrais et amendements des sols, ainsi que de la farine, des c\u00e9r\u00e9ales, des semences et de tout autre produit propre \u00e0 l&rsquo;alimentation du b\u00e9tail, des volailles et autres animaux, lorsque normalement utilis\u00e9 dans le cadre des activit\u00e9s de production agricole.<\/p>\n\n\n\n<p class=\"wp-block-paragraph\">Il pr\u00e9voit l&rsquo;application du taux de taxation interm\u00e9diaire aux services de restauration, \u00e0 l&rsquo;exclusion des boissons alcoolis\u00e9es et des boissons gazeuses, permettant aux jus, nectars et eaux gazeuses ou contenant du dioxyde de carbone ou d&rsquo;autres substances de b\u00e9n\u00e9ficier \u00e9galement du taux de taxation pr\u00e9cit\u00e9.<\/p>\n\n\n\n<p class=\"wp-block-paragraph\">Il est pr\u00e9vu de prolonger l&rsquo;application du taux r\u00e9duit d&rsquo;imposition, jusqu&rsquo;au 31 d\u00e9cembre 2024, applicable aux fournitures d&rsquo;\u00e9lectricit\u00e9 destin\u00e9e \u00e0 la consommation, \u00e0 l&rsquo;exclusion de ses composantes fixes, pour une puissance souscrite qui n&rsquo;exc\u00e8de pas 6,90 kVA, dans la partie qui ne d\u00e9passe pas 6,90 kVA. pas d\u00e9passer:<\/p>\n\n\n\n<ul class=\"wp-block-list\">\n<li>100 kWh par p\u00e9riode de 30 jours ;<\/li>\n\n\n\n<li>150 kWh par p\u00e9riode de 30 jours, lorsqu&rsquo;ils sont achet\u00e9s pour la consommation de familles nombreuses, en consid\u00e9rant comme tels les m\u00e9nages compos\u00e9s de cinq personnes ou plus.<\/li>\n<\/ul>\n","protected":false},"excerpt":{"rendered":"<p>Comme chaque ann\u00e9e, le gouvernement pr\u00e9sente devant l\u2019assembl\u00e9e son projet de loi de Finances pour l\u2019ann\u00e9e \u00e0 venir. Au Portugal, le d\u00e9bat et le vote a lieu au alentour du 30 et 31 octobre. <\/p>\n","protected":false},"author":1,"featured_media":11183,"comment_status":"closed","ping_status":"open","sticky":false,"template":"","format":"standard","meta":{"neve_meta_sidebar":"","neve_meta_container":"","neve_meta_enable_content_width":"","neve_meta_content_width":0,"neve_meta_title_alignment":"","neve_meta_author_avatar":"","neve_post_elements_order":"[\"content\",\"tags\",\"post-navigation\",\"comments\"]","neve_meta_disable_header":"","neve_meta_disable_footer":"","neve_meta_disable_title":"","neve_meta_reading_time":"","_jetpack_newsletter_access":"","_jetpack_dont_email_post_to_subs":false,"_jetpack_newsletter_tier_id":0,"_jetpack_memberships_contains_paywalled_content":false,"_jetpack_feature_clip_id":0,"_jetpack_memberships_contains_paid_content":false,"footnotes":"","jetpack_publicize_message":"Comme chaque ann\u00e9e, le gouvernement pr\u00e9sente devant l\u2019assembl\u00e9e son projet de loi de Finances pour l\u2019ann\u00e9e \u00e0 venir. Au Portugal, le d\u00e9bat et le vote a lieu au alentour du 30 et 31 octobre","jetpack_publicize_feature_enabled":true,"jetpack_social_post_already_shared":false,"jetpack_social_options":{"image_generator_settings":{"template":"highway","default_image_id":0,"font":"","enabled":false},"version":2},"jetpack_post_was_ever_published":false},"categories":[1684,1],"tags":[67,3300],"class_list":["post-11181","post","type-post","status-publish","format-standard","has-post-thumbnail","hentry","category-fiscalites-des-expatrier-au-portugal","category-fiscalite-des-francais-au-portugal","tag-fiscalite","tag-portugal"],"jetpack_publicize_connections":[],"jetpack_sharing_enabled":true,"jetpack_featured_media_url":"https:\/\/i0.wp.com\/vivreauportugalconsulting.com\/wp-content\/uploads\/2023\/10\/OE2024.webp?fit=1024%2C577&ssl=1","_links":{"self":[{"href":"https:\/\/vivreauportugalconsulting.com\/fr_fr\/wp-json\/wp\/v2\/posts\/11181","targetHints":{"allow":["GET"]}}],"collection":[{"href":"https:\/\/vivreauportugalconsulting.com\/fr_fr\/wp-json\/wp\/v2\/posts"}],"about":[{"href":"https:\/\/vivreauportugalconsulting.com\/fr_fr\/wp-json\/wp\/v2\/types\/post"}],"author":[{"embeddable":true,"href":"https:\/\/vivreauportugalconsulting.com\/fr_fr\/wp-json\/wp\/v2\/users\/1"}],"replies":[{"embeddable":true,"href":"https:\/\/vivreauportugalconsulting.com\/fr_fr\/wp-json\/wp\/v2\/comments?post=11181"}],"version-history":[{"count":0,"href":"https:\/\/vivreauportugalconsulting.com\/fr_fr\/wp-json\/wp\/v2\/posts\/11181\/revisions"}],"wp:featuredmedia":[{"embeddable":true,"href":"https:\/\/vivreauportugalconsulting.com\/fr_fr\/wp-json\/wp\/v2\/media\/11183"}],"wp:attachment":[{"href":"https:\/\/vivreauportugalconsulting.com\/fr_fr\/wp-json\/wp\/v2\/media?parent=11181"}],"wp:term":[{"taxonomy":"category","embeddable":true,"href":"https:\/\/vivreauportugalconsulting.com\/fr_fr\/wp-json\/wp\/v2\/categories?post=11181"},{"taxonomy":"post_tag","embeddable":true,"href":"https:\/\/vivreauportugalconsulting.com\/fr_fr\/wp-json\/wp\/v2\/tags?post=11181"}],"curies":[{"name":"wp","href":"https:\/\/api.w.org\/{rel}","templated":true}]}}