{"id":178,"date":"2015-12-01T17:17:52","date_gmt":"2015-12-01T16:17:52","guid":{"rendered":"http:\/\/vivreauportugalconsulting.com\/?p=178"},"modified":"2019-04-01T10:06:00","modified_gmt":"2019-04-01T10:06:00","slug":"etes-candidat-a-lexpatriation","status":"publish","type":"post","link":"https:\/\/vivreauportugalconsulting.com\/fr_fr\/etes-candidat-a-lexpatriation\/","title":{"rendered":"\u00c9t\u00e9s vous candidat a l&rsquo;expatriation ?"},"content":{"rendered":"<p class=\"p1\"><span class=\"s1\">Co\u00fbt de la vie plus faible, prix de l\u2019immobilier plus abordables, climat plus cl\u00e9ment\u2026 de plus en plus de Fran\u00e7ais envisagent de s&rsquo;expatrier&nbsp;\u00e0 l\u2019\u00e9tranger. Mais attention : avant de partir, il vous faudra v\u00e9rifier un certain nombre de choses en mati\u00e8re de couverture sant\u00e9 ou de fiscalit\u00e9 si vous ne voulez pas \u00eatre pris au d\u00e9pourvu une fois sur place. Voici l\u2019essentiel de ce qu\u2019il faut savoir pour prendre sa d\u00e9cision en toute connaissance de cause.<\/span><\/p>\n<p class=\"p1\"><span class=\"s1\"><b>Sant\u00e9 et couverture sociale<\/b><\/span><\/p>\n<p class=\"p1\"><span class=\"s1\">Si vous envisagez de vous installer en Espagne, au <a href=\"https:\/\/vivreauportugalconsulting.com\/le-portugal\/\">Portugal<\/a>, en Suisse ou dans n\u2019importe quel autre pays de l\u2019espace \u00e9conomique europ\u00e9en (EEE), pensez \u00e0 retirer aupr\u00e8s de votre caisse d\u2019assurance maladie, avant de quitter la France, le formulaire \u00ab\u00a0S1\u00a0\u00bb. Celui-ci vous permettra de vous inscrire aupr\u00e8s de la caisse de votre nouveau pays de r\u00e9sidence. Vous pourrez ainsi vous faire soigner sur place et \u00eatre rembours\u00e9 selon la l\u00e9gislation de ce pays, au m\u00eame titre qu\u2019un assur\u00e9 social de ce pays. <\/span><\/p>\n<p class=\"p1\"><span class=\"s1\"><b>Imp\u00f4ts<\/b><\/span><\/p>\n<p class=\"p1\"><span class=\"s1\">Certains retrait\u00e9s vont s\u2019installer \u00e0 l\u2019\u00e9tranger dans l\u2019espoir de payer moins d\u2019<a href=\"https:\/\/vivreauportugalconsulting.com\/regime-fiscal\/revenus-fiscal\/\" target=\"_blank\" rel=\"noopener noreferrer\">imp\u00f4t<\/a> qu\u2019en France. Or ce n\u2019est pas parce que vous vivez la majeure partie de l\u2019ann\u00e9e hors de France que vous perdez pour autant le statut de r\u00e9sident fiscal fran\u00e7ais. C\u2019est en tout cas ce que vient de juger le Conseil d\u2019Etat dans un arr\u00eat rendu au mois de juin dernier. Il consid\u00e8re qu\u2019un retrait\u00e9 vivant \u00e0 l\u2019\u00e9tranger et qui per\u00e7oit une pension de retraite vers\u00e9e par un organisme fran\u00e7ais doit \u00eatre regard\u00e9 comme ayant conserv\u00e9 en France le centre de ses int\u00e9r\u00eats \u00e9conomiques, et \u00e0 ce titre comme \u00e9tant fiscalement domicili\u00e9 en France, d\u00e8s lors que cette pension est son unique source de revenus. <strong>Sur le plan pratique, cette d\u00e9cision ne concerne toutefois que les retrait\u00e9s qui vont s\u2019installer dans des pays n\u2019ayant pas conclu de convention fiscale avec la France.<\/strong> Or les pays de pr\u00e9dilection des candidats \u00e0 l\u2019expatriation \u2013 Maroc, Portugal&#8230;- sont bien souvent ceux qui ont conclu ce genre d&rsquo;accord et qui d\u00e9roulent le tapis rouge aux candidats \u00e0 <a href=\"https:\/\/vivreauportugalconsulting.com\/regime-fiscal\/\">l\u2019expatriation<\/a>.<\/span><\/p>\n<p class=\"p1\"><span class=\"s1\"><b>Succession<\/b><\/span><\/p>\n<p class=\"p1\"><span class=\"s1\">Un r\u00e8glement europ\u00e9en qui entrera en vigueur le 17 ao\u00fbt prochain simplifie l\u2019\u00e9pineuse question des successions internationales. Que pr\u00e9voit-il ? Applicable aux personnes qui ont des int\u00e9r\u00eats patrimoniaux dans au moins deux pays, il vous permet de choisir la l\u00e9gislation qui s\u2019appliquera \u00e0 votre succession le moment venu : celle du pays dans lequel vous aurez votre r\u00e9sidence habituelle au moment du d\u00e9c\u00e8s, m\u00eame s\u2019il s\u2019agit d\u2019un pays non membre de l\u2019Union europ\u00e9enne, ou celle du pays dont vous poss\u00e9dez la nationalit\u00e9.<\/span><\/p>\n<p class=\"p1\"><span class=\"s1\">Mieux vaut consulter un notaire avant de partir et, \u00e9ventuellement, prendre les dispositions n\u00e9cessaires pour que votre patrimoine soit r\u00e9parti selon vos volont\u00e9s. Ce sera \u00e9galement l\u2019occasion de faire le point sur votre r\u00e9gime matrimonial si vous \u00eates mari\u00e9. Car en changeant de pays, vous pouvez aussi changer de r\u00e9gime matrimonial sans le savoir\u2026<\/span><\/p>\n<p class=\"p1\"><span class=\"s1\"><b>Se faire inscrire au consulat<\/b><\/span><\/p>\n<p class=\"p1\"><span class=\"s1\">M\u00eame si ce n\u2019est pas obligatoire, une fois sur place vous aurez int\u00e9r\u00eat \u00e0 vous faire inscrire sur le registre des Fran\u00e7ais \u00e9tablis hors de France. Cela vous simplifiera la vie au quotidien, notamment pour toutes vos d\u00e9marches administratives (d\u00e9livrance d\u2019un passeport, \u2026). De plus, vous pourrez b\u00e9n\u00e9ficier de l\u2019assistance du consulat en cas de coup dur ou de crise sanitaire. En \u00e9change de votre inscription, on vous remettra une carte consulaire valable 5 ans, attestant que vous \u00eates plac\u00e9 sous la protection consulaire fran\u00e7aise.<\/span><\/p>\n<p class=\"p1\"><span class=\"s1\"><a href=\"http:\/\/www.capital.fr\/retraite\/actualites\/la-check-list-du-retraite-candidat-a-l-expatriation-1061492#zypLxKpdRUbDfMuS.99\" target=\"_blank\" rel=\"noopener noreferrer\">Source<\/a><\/span><\/p>\n","protected":false},"excerpt":{"rendered":"<p>Co\u00fbt de la vie plus faible, prix de l\u2019immobilier plus abordables, climat plus cl\u00e9ment\u2026 de plus en plus de Fran\u00e7ais envisagent de s&rsquo;expatri\u00e9 <\/p>\n","protected":false},"author":1,"featured_media":0,"comment_status":"closed","ping_status":"open","sticky":false,"template":"","format":"standard","meta":{"neve_meta_sidebar":"","neve_meta_container":"","neve_meta_enable_content_width":"","neve_meta_content_width":0,"neve_meta_title_alignment":"","neve_meta_author_avatar":"","neve_post_elements_order":"","neve_meta_disable_header":"","neve_meta_disable_footer":"","neve_meta_disable_title":"","neve_meta_reading_time":"","_jetpack_memberships_contains_paid_content":false,"footnotes":"","jetpack_publicize_message":"","jetpack_publicize_feature_enabled":true,"jetpack_social_post_already_shared":true,"jetpack_social_options":{"image_generator_settings":{"template":"highway","default_image_id":0,"font":"","enabled":false},"version":2}},"categories":[1],"tags":[],"class_list":["post-178","post","type-post","status-publish","format-standard","hentry","category-fiscalite-des-francais-au-portugal"],"jetpack_publicize_connections":[],"jetpack_featured_media_url":"","jetpack_sharing_enabled":true,"_links":{"self":[{"href":"https:\/\/vivreauportugalconsulting.com\/fr_fr\/wp-json\/wp\/v2\/posts\/178","targetHints":{"allow":["GET"]}}],"collection":[{"href":"https:\/\/vivreauportugalconsulting.com\/fr_fr\/wp-json\/wp\/v2\/posts"}],"about":[{"href":"https:\/\/vivreauportugalconsulting.com\/fr_fr\/wp-json\/wp\/v2\/types\/post"}],"author":[{"embeddable":true,"href":"https:\/\/vivreauportugalconsulting.com\/fr_fr\/wp-json\/wp\/v2\/users\/1"}],"replies":[{"embeddable":true,"href":"https:\/\/vivreauportugalconsulting.com\/fr_fr\/wp-json\/wp\/v2\/comments?post=178"}],"version-history":[{"count":0,"href":"https:\/\/vivreauportugalconsulting.com\/fr_fr\/wp-json\/wp\/v2\/posts\/178\/revisions"}],"wp:attachment":[{"href":"https:\/\/vivreauportugalconsulting.com\/fr_fr\/wp-json\/wp\/v2\/media?parent=178"}],"wp:term":[{"taxonomy":"category","embeddable":true,"href":"https:\/\/vivreauportugalconsulting.com\/fr_fr\/wp-json\/wp\/v2\/categories?post=178"},{"taxonomy":"post_tag","embeddable":true,"href":"https:\/\/vivreauportugalconsulting.com\/fr_fr\/wp-json\/wp\/v2\/tags?post=178"}],"curies":[{"name":"wp","href":"https:\/\/api.w.org\/{rel}","templated":true}]}}