{"id":2432,"date":"2018-06-06T07:42:59","date_gmt":"2018-06-06T07:42:59","guid":{"rendered":"https:\/\/vivreauportugalconsulting.com\/?p=2432"},"modified":"2023-04-03T20:46:56","modified_gmt":"2023-04-03T19:46:56","slug":"francais-de-letranger-ne-seront-exoneres-de-taxe-dhabitation","status":"publish","type":"post","link":"https:\/\/vivreauportugalconsulting.com\/fr_fr\/francais-de-letranger-ne-seront-exoneres-de-taxe-dhabitation\/","title":{"rendered":"les Fran\u00e7ais de l\u2019\u00e9tranger ne seront pas exon\u00e9r\u00e9s de taxe d&rsquo;habitation"},"content":{"rendered":"<h2>les Fran\u00e7ais de l\u2019\u00e9tranger ne seront pas concern\u00e9s par la r\u00e9forme de la taxe d\u2019habitation\u00a0voulue par Emmanuel Macron.<\/h2>\n<p>Le minist\u00e8re de l\u2019\u00c9conomie et des Finances l\u2019a confirm\u00e9 dans une r\u00e9ponse \u00e0 une question \u00e9crite du s\u00e9nateur des\u00a0Fran\u00e7ais de l\u2019\u00e9tranger Robert del Picchia (Les R\u00e9publicains), <a href=\"http:\/\/www.senat.fr\/questions\/base\/2017\/qSEQ171101814.html\" target=\"_blank\" rel=\"noopener\">publi\u00e9e dans le JO du S\u00e9nat le 4 janvier.<\/a><\/p>\n<h2>La r\u00e9forme, act\u00e9e par la loi de finance 2018<\/h2>\n<p>La r\u00e9forme, act\u00e9e par la <strong>loi de finance 2018<\/strong>. Pr\u00e9voit la suppression progressive de la taxe d\u2019ici 2020 pour environ 80% des contribuables.\u00a0D\u00e8s cette ann\u00e9e, les foyers \u00e9ligibles b\u00e9n\u00e9ficieront d\u2019un all\u00e9gement\u00a0sur leur r\u00e9sidence principale de 30\u00a0%. Puis de 65\u00a0% en 2019 et 100% en 2020. Sont \u00e9ligibles les m\u00e9nages qui se situent sous un certain seuil du revenu fiscal de r\u00e9f\u00e9rence (27.000 euros pour un c\u00e9libataire sans enfant.\u00a043.000 euros pour un couple sans enfant.\u00a049.000 euros pour un couple avec un enfant).<\/p>\n<p>Dans sa question, le s\u00e9nateur del Picchia avait fait valoir que certains Fran\u00e7ais de l\u2019\u00e9tranger conservaient une \u201c<em>r\u00e9sidence en France comme trait d\u2019union avec leur pays<\/em>\u201c. Parce que celle-ci est consid\u00e9r\u00e9e comme une r\u00e9sidence secondaire. Ils \u201c<em>ne sont pas \u00e9ligibles \u00e0 cette exon\u00e9ration, quand bien m\u00eame leurs revenus mondiaux seraient inf\u00e9rieurs aux seuils annonc\u00e9s<\/em>\u201c. Et de rappeler que les revenus immobiliers des Fran\u00e7ais hors de France sont d\u00e9j\u00e0 \u201c<em>assujettis \u00e0 la contribution sociale g\u00e9n\u00e9ralis\u00e9e (CSG-CRDS)<\/em>\u201c. Qui va conna\u00eetre une augmentation.<\/p>\n<h2>La taxe d\u2019habitation, comment y \u00e9chapper<\/h2>\n<p>\u201c<em>La taxe d\u2019habitation est \u00e9tablie au nom des personnes qui ont, \u00e0 quelque titre que ce soit. La disposition ou la jouissance des locaux meubl\u00e9s affect\u00e9s \u00e0 l\u2019habitation<\/em>, lui a r\u00e9pondu le minist\u00e8re. <em>Les personnes qui n\u2019ont pas leur domicile fiscal en France. mais y disposent d\u2019une ou plusieurs habitations, sont donc redevables de la taxe<\/em>\u201c. <strong>Il pr\u00e9cise n\u00e9anmoins que les contribuables fran\u00e7ais \u00e0 l\u2019\u00e9tranger peuvent b\u00e9n\u00e9ficier des \u201c<em>all\u00e9gements de base<\/em>\u201d si leur famille r\u00e9side de fa\u00e7on \u201c<em>permanente dans le logement situ\u00e9 en France<\/em>\u201c.<\/strong><\/p>\n<p>H\u00e9l\u00e8ne Conway-Mouret, s\u00e9natrice PS des Fran\u00e7ais de l\u2019\u00e9tranger et ancienne ministre charg\u00e9e des Fran\u00e7ais\u00a0\u00e9tablis hors de France sous Fran\u00e7ois Hollande, regrette cette d\u00e9cision qu\u2019elle voit comme une \u201c<em>sanction suppl\u00e9mentaire<\/em>\u201c. \u201c<em>On rencontre en permanence des Fran\u00e7ais qui disent qu\u2019ils vont vendre ce qu\u2019ils ont en France parce que les imp\u00f4ts sont trop \u00e9lev\u00e9s<\/em>\u201c, explique\u00a0celle qui a sign\u00e9 en 2015 un rapport pour faciliter le retour des Fran\u00e7ais expatri\u00e9s. \u201c<em>Cela coupe le lien physique avec le pays. Ce n\u2019est pas un lien obligatoire. Parfois, c\u2019est le fait d\u2019un h\u00e9ritage. Les familles sont contentes d\u2019y rentrer en cas de retour en France. C\u2019est un \u00e9l\u00e9ment essentiel. Quand on est forc\u00e9 de vendre son bien, le retour est deux fois plus difficile.<\/em>\u201c<\/p>\n","protected":false},"excerpt":{"rendered":"<p>les Fran\u00e7ais de l\u2019\u00e9tranger ne seront pas concern\u00e9s par la r\u00e9forme de la taxe d\u2019habitation\u00a0voulue par Emmanuel Macron. Le minist\u00e8re de l\u2019\u00c9conomie et des Finances l\u2019a confirm\u00e9 dans une r\u00e9ponse \u00e0 une question \u00e9crite du s\u00e9nateur des\u00a0Fran\u00e7ais de l\u2019\u00e9tranger Robert del Picchia (Les R\u00e9publicains), publi\u00e9e dans le JO du S\u00e9nat le 4 janvier. La r\u00e9forme,&hellip;&nbsp;<a href=\"https:\/\/vivreauportugalconsulting.com\/fr_fr\/francais-de-letranger-ne-seront-exoneres-de-taxe-dhabitation\/\" rel=\"bookmark\">Read More &raquo;<span class=\"screen-reader-text\">les Fran\u00e7ais de l\u2019\u00e9tranger ne seront pas exon\u00e9r\u00e9s de taxe d&rsquo;habitation<\/span><\/a><\/p>\n","protected":false},"author":1,"featured_media":824,"comment_status":"closed","ping_status":"open","sticky":false,"template":"","format":"standard","meta":{"neve_meta_sidebar":"","neve_meta_container":"","neve_meta_enable_content_width":"","neve_meta_content_width":0,"neve_meta_title_alignment":"","neve_meta_author_avatar":"","neve_post_elements_order":"","neve_meta_disable_header":"","neve_meta_disable_footer":"","neve_meta_disable_title":"","neve_meta_reading_time":"","_jetpack_memberships_contains_paid_content":false,"footnotes":"","jetpack_publicize_message":"les Fran\u00e7ais de l\u2019#\u00e9tranger ne seront pas concern\u00e9s par la r\u00e9forme de la taxe d\u2019habitation\u00a0voulue par Emmanuel #Macron.\u00a0#portugal #expatriation","jetpack_publicize_feature_enabled":true,"jetpack_social_post_already_shared":true,"jetpack_social_options":{"image_generator_settings":{"template":"highway","default_image_id":0,"font":"","enabled":false},"version":2}},"categories":[6],"tags":[],"class_list":["post-2432","post","type-post","status-publish","format-standard","has-post-thumbnail","hentry","category-immobilier-au-portugal"],"jetpack_publicize_connections":[],"jetpack_featured_media_url":"https:\/\/i0.wp.com\/vivreauportugalconsulting.com\/wp-content\/uploads\/2016\/06\/La-tour-des-Clercs-Porto.jpg?fit=852%2C563&ssl=1","jetpack_sharing_enabled":true,"_links":{"self":[{"href":"https:\/\/vivreauportugalconsulting.com\/fr_fr\/wp-json\/wp\/v2\/posts\/2432","targetHints":{"allow":["GET"]}}],"collection":[{"href":"https:\/\/vivreauportugalconsulting.com\/fr_fr\/wp-json\/wp\/v2\/posts"}],"about":[{"href":"https:\/\/vivreauportugalconsulting.com\/fr_fr\/wp-json\/wp\/v2\/types\/post"}],"author":[{"embeddable":true,"href":"https:\/\/vivreauportugalconsulting.com\/fr_fr\/wp-json\/wp\/v2\/users\/1"}],"replies":[{"embeddable":true,"href":"https:\/\/vivreauportugalconsulting.com\/fr_fr\/wp-json\/wp\/v2\/comments?post=2432"}],"version-history":[{"count":0,"href":"https:\/\/vivreauportugalconsulting.com\/fr_fr\/wp-json\/wp\/v2\/posts\/2432\/revisions"}],"wp:featuredmedia":[{"embeddable":true,"href":"https:\/\/vivreauportugalconsulting.com\/fr_fr\/wp-json\/wp\/v2\/media\/824"}],"wp:attachment":[{"href":"https:\/\/vivreauportugalconsulting.com\/fr_fr\/wp-json\/wp\/v2\/media?parent=2432"}],"wp:term":[{"taxonomy":"category","embeddable":true,"href":"https:\/\/vivreauportugalconsulting.com\/fr_fr\/wp-json\/wp\/v2\/categories?post=2432"},{"taxonomy":"post_tag","embeddable":true,"href":"https:\/\/vivreauportugalconsulting.com\/fr_fr\/wp-json\/wp\/v2\/tags?post=2432"}],"curies":[{"name":"wp","href":"https:\/\/api.w.org\/{rel}","templated":true}]}}