{"id":3140,"date":"2018-10-16T11:03:46","date_gmt":"2018-10-16T11:03:46","guid":{"rendered":"https:\/\/vivreauportugalconsulting.com\/?p=3140"},"modified":"2019-05-07T14:46:43","modified_gmt":"2019-05-07T14:46:43","slug":"le-portugal-vers-un-deficite-historiquement-bas-en-2019","status":"publish","type":"post","link":"https:\/\/vivreauportugalconsulting.com\/fr_fr\/le-portugal-vers-un-deficite-historiquement-bas-en-2019\/","title":{"rendered":"LE PORTUGAL VERS UN DIFICITE HISTORIQUEMENT BAS"},"content":{"rendered":"\n<h1 class=\"wp-block-heading\">LE PORTUGAL VISE UN D\u00c9FICIT HISTORIQUEMENT FAIBLE EN 2019<\/h1>\n\n\n\n<p>Le gouvernement socialiste portugais a promis mardi d&rsquo;atteindre en 2019 le plus faible d\u00e9ficit budg\u00e9taire de son histoire tout en augmentant le salaire de ses fonctionnaires et en pr\u00e9voyant des aides au transport pour les familles.<\/p>\n\n\n\n<p>Dans son projet de budget, le gouvernement s&rsquo;est fix\u00e9 pour objectif un d\u00e9ficit repr\u00e9sentant 0,2% du produit int\u00e9rieur brut, (PIB), contre 0,7% attendu cette ann\u00e9e, et esp\u00e8re atteindre une croissance \u00e9conomique de 2,2%, juste un peu moins que cette ann\u00e9e.<\/p>\n\n\n\n<p>Il pr\u00e9voit aussi un taux de\u00a0ch\u00f4mage\u00a0\u00e0 6,3% l&rsquo;an prochain, contre 6,9% en 2018.<\/p>\n\n\n\n<p>\u00ab\u00a0C&rsquo;est un bon budget qui suit la route que nous avons trac\u00e9e jusqu&rsquo;ici, de plus de croissance, plus d&#8217;emploi et plus d&rsquo;\u00e9galit\u00e9\u00a0\u00bb, a indiqu\u00e9 le Premier ministre Antonio Costa sur\u00a0<a href=\"https:\/\/investir.lesechos.fr\/cours\/action-twitter-inc,xnys,us90184l1026,twtr,tick.html\" target=\"_blank\" rel=\"noopener\">Twitter<\/a>.<\/p>\n\n\n\n<p>L&rsquo;\u00e9conomie portugaise a fortement rebondi depuis ces trois derni\u00e8res ann\u00e9es et l&rsquo;arriv\u00e9e des socialistes au pouvoir apr\u00e8s la crise de la dette en 2011, \u00e0 la faveur d&rsquo;un rebond des exportations, d&rsquo;une hausse des investissements \u00e9trangers et d&rsquo;un bond du tourisme et de l&rsquo;immobilier.<\/p>\n\n\n\n<p>Le projet de budget du gouvernement pour 2019 pr\u00e9voit d&rsquo;octroyer des subventions pour les transports aux familles vivant dans les r\u00e9gions de Lisbonne et Porto, qui regroupent pr\u00e8s de la moiti\u00e9 de la population au Portugal.<\/p>\n\n\n\n<p>Le projet pr\u00e9voit aussi de d\u00e9bloquer l&rsquo;avancement de carri\u00e8re des fonctionnaires pour la premi\u00e8re fois depuis 2009, avec des hausses de salaires et des promotions \u00e0 la cl\u00e9. Les pensions de retraite devraient aussi progresser plus que l&rsquo;inflation en 2019.<\/p>\n\n\n\n<p>Le ratio de dette du Portugal par rapport au PIB devrait tomber \u00e0 118,5% l&rsquo;an prochain, contre 121,2% en 2018, montre par ailleurs le projet de budget gouvernemental.<\/p>\n\n\n\n<p>Le ministre des Finances\u00a0<a href=\"https:\/\/investir.lesechos.fr\/recherche\/?exec=1&amp;texte=Mario%20Centeno&amp;nr=1\" target=\"_blank\" rel=\"noopener\">Mario Centeno<\/a>\u00a0a pr\u00e9sent\u00e9 ce projet de budget au Parlement juste avant minuit lundi. Il doit tenir une conf\u00e9rence de presse dans la matin\u00e9e mardi pour apporter plus de pr\u00e9cisions.<\/p>\n\n\n\n<p>Moody&rsquo;s a annonc\u00e9 vendredi relever la note de cr\u00e9dit du Portugal \u00e0 <strong>&lsquo;Baa3&rsquo;<\/strong> en l&rsquo;assortissant d&rsquo;une perspective stable.<\/p>\n\n\n\n<p>Les soutiens de la croissance se renforcent et la structure de la dette externe s&rsquo;am\u00e9liore, rendant l&rsquo;\u00e9conomie du Portugal plus r\u00e9sistante, souligne l&rsquo;agence de notation.<\/p>\n","protected":false},"excerpt":{"rendered":"<p>Le gouvernement socialiste portugais a promis mardi d&rsquo;atteindre en 2019 le plus faible d\u00e9ficit budg\u00e9taire de son histoire<\/p>\n","protected":false},"author":1,"featured_media":1677,"comment_status":"closed","ping_status":"open","sticky":false,"template":"","format":"standard","meta":{"neve_meta_sidebar":"","neve_meta_container":"","neve_meta_enable_content_width":"","neve_meta_content_width":0,"neve_meta_title_alignment":"","neve_meta_author_avatar":"","neve_post_elements_order":"","neve_meta_disable_header":"","neve_meta_disable_footer":"","neve_meta_disable_title":"","neve_meta_reading_time":"","_jetpack_memberships_contains_paid_content":false,"footnotes":"","jetpack_publicize_message":"","jetpack_publicize_feature_enabled":true,"jetpack_social_post_already_shared":true,"jetpack_social_options":{"image_generator_settings":{"template":"highway","default_image_id":0,"font":"","enabled":false},"version":2}},"categories":[3308,3306],"tags":[],"class_list":["post-3140","post","type-post","status-publish","format-standard","has-post-thumbnail","hentry","category-economie-du-portugal","category-politique-au-portugal"],"jetpack_publicize_connections":[],"jetpack_featured_media_url":"https:\/\/i0.wp.com\/vivreauportugalconsulting.com\/wp-content\/uploads\/2017\/10\/portugal-719558.jpg?fit=590%2C350&ssl=1","jetpack_sharing_enabled":true,"_links":{"self":[{"href":"https:\/\/vivreauportugalconsulting.com\/fr_fr\/wp-json\/wp\/v2\/posts\/3140","targetHints":{"allow":["GET"]}}],"collection":[{"href":"https:\/\/vivreauportugalconsulting.com\/fr_fr\/wp-json\/wp\/v2\/posts"}],"about":[{"href":"https:\/\/vivreauportugalconsulting.com\/fr_fr\/wp-json\/wp\/v2\/types\/post"}],"author":[{"embeddable":true,"href":"https:\/\/vivreauportugalconsulting.com\/fr_fr\/wp-json\/wp\/v2\/users\/1"}],"replies":[{"embeddable":true,"href":"https:\/\/vivreauportugalconsulting.com\/fr_fr\/wp-json\/wp\/v2\/comments?post=3140"}],"version-history":[{"count":0,"href":"https:\/\/vivreauportugalconsulting.com\/fr_fr\/wp-json\/wp\/v2\/posts\/3140\/revisions"}],"wp:featuredmedia":[{"embeddable":true,"href":"https:\/\/vivreauportugalconsulting.com\/fr_fr\/wp-json\/wp\/v2\/media\/1677"}],"wp:attachment":[{"href":"https:\/\/vivreauportugalconsulting.com\/fr_fr\/wp-json\/wp\/v2\/media?parent=3140"}],"wp:term":[{"taxonomy":"category","embeddable":true,"href":"https:\/\/vivreauportugalconsulting.com\/fr_fr\/wp-json\/wp\/v2\/categories?post=3140"},{"taxonomy":"post_tag","embeddable":true,"href":"https:\/\/vivreauportugalconsulting.com\/fr_fr\/wp-json\/wp\/v2\/tags?post=3140"}],"curies":[{"name":"wp","href":"https:\/\/api.w.org\/{rel}","templated":true}]}}