{"id":3199,"date":"2019-02-04T10:28:39","date_gmt":"2019-02-04T10:28:39","guid":{"rendered":"https:\/\/vivreauportugalconsulting.com\/?p=3199"},"modified":"2022-08-26T15:38:40","modified_gmt":"2022-08-26T14:38:40","slug":"les-francais-de-letranger-non-eligibles-a-lexoneration-de-taxe-dhabitation","status":"publish","type":"post","link":"https:\/\/vivreauportugalconsulting.com\/fr_fr\/les-francais-de-letranger-non-eligibles-a-lexoneration-de-taxe-dhabitation\/","title":{"rendered":"LES FRAN\u00c7AIS DE L&rsquo;\u00c9TRANGER NON \u00c9LIGIBLES \u00c0 L&rsquo;EXONERATION"},"content":{"rendered":"\n<figure class=\"wp-block-image\"><img data-recalc-dims=\"1\" fetchpriority=\"high\" decoding=\"async\" width=\"1000\" height=\"495\" src=\"https:\/\/i0.wp.com\/vivreauportugalconsulting.com\/wp-content\/uploads\/2018\/11\/taxe-habitation.jpg?resize=1000%2C495&#038;ssl=1\" alt=\"taxe habitation\" class=\"wp-image-3825\" srcset=\"https:\/\/i0.wp.com\/vivreauportugalconsulting.com\/wp-content\/uploads\/2018\/11\/taxe-habitation.jpg?w=1000&amp;ssl=1 1000w, https:\/\/i0.wp.com\/vivreauportugalconsulting.com\/wp-content\/uploads\/2018\/11\/taxe-habitation.jpg?resize=275%2C136&amp;ssl=1 275w, https:\/\/i0.wp.com\/vivreauportugalconsulting.com\/wp-content\/uploads\/2018\/11\/taxe-habitation.jpg?resize=650%2C322&amp;ssl=1 650w\" sizes=\"(max-width: 1000px) 100vw, 1000px\" \/><\/figure>\n\n\n\n<h2 class=\"wp-block-heading\"><strong>LES FRAN\u00c7AIS DE L&rsquo;\u00c9TRANGER NE SONT PAS \u00c9LIGIBLES A L&rsquo;\u00c9XONRATION DE TAXE D&rsquo;HABITATION<\/strong><\/h2>\n\n\n\n<p class=\"wp-block-paragraph\"><strong>Pour m\u00e9moire, l\u2019article 5 de la LF pour 2018 met en place de mani\u00e8re progressive, sur trois ans, un d\u00e9gr\u00e8vement de taxe d\u2019habitation au titre de la r\u00e9sidence principale (r\u00e9tablissement d\u2019un article 1414 C au sein du CGI).<\/strong><\/p>\n\n\n\n<h2 class=\"wp-block-heading\">Les conditions<\/h2>\n\n\n\n<h2 class=\"wp-block-heading\"><span style=\"font-size: 16px; color: rgb(25, 30, 35);\">Ce d\u00e9gr\u00e8vement b\u00e9n\u00e9ficiera aux contribuables qui remplissent&nbsp;<\/span><strong style=\"font-size: 16px; color: rgb(25, 30, 35);\">trois conditions&nbsp;:<\/strong><\/h2>\n\n\n\n<ul class=\"wp-block-list\"><li>ne pas \u00eatre d\u00e9j\u00e0 exon\u00e9r\u00e9 ou d\u00e9grev\u00e9 de taxe d\u2019habitation au titre d\u2019autres dispositifs&nbsp;;<\/li><li>disposer de revenus dont le montant n\u2019exc\u00e8de pas 27 000 \u20ac pour la premi\u00e8re part de quotient familial, major\u00e9e de 8 000 \u20ac pour chacune des deux premi\u00e8res demi-parts et 6 000 \u20ac pour chaque demi-part suppl\u00e9mentaires \u00e0 compter de la troisi\u00e8me . Ces revenus s\u2019appr\u00e9cient dans les conditions pr\u00e9vues \u00e0 l\u2019article 1391 B ter-IV du CGI&nbsp;;<\/li><li>ne pas \u00eatre \u00e9galement passible de l\u2019ISI.<\/li><\/ul>\n\n\n\n<p class=\"wp-block-paragraph\">Comme le souligne le s\u00e9nateur des Fran\u00e7ais \u00e9tablis hors de France Robert del Picchia&nbsp;\u00ab&nbsp;les Fran\u00e7ais \u00e9tablis hors de France, qui conservent parfois une r\u00e9sidence en France comme un trait d\u2019union avec leur pays. Ne sont pas \u00e9ligibles \u00e0 cette exon\u00e9ration. Quand bien m\u00eame leurs revenus mondiaux seraient inf\u00e9rieurs aux seuils annonc\u00e9s.Leur r\u00e9sidence en France est consid\u00e9r\u00e9e comme r\u00e9sidence secondaire.&nbsp;\u00bb<\/p>\n\n\n\n<p class=\"wp-block-paragraph\">Alors que les revenus immobiliers des Fran\u00e7ais \u00e9tablis hors de France sont d\u00e9sormais assujettis aux pr\u00e9l\u00e8vements sociaux (CSG-CRDS) et \u00e9tant donn\u00e9 la prochaine augmentation de ces contributions sociales.&nbsp;<strong>Le s\u00e9nateur a demand\u00e9 au Gouvernement<\/strong>&nbsp;\u00ab&nbsp;si les Fran\u00e7ais de l\u2019\u00e9tranger, dont les revenus mondiaux seraient inf\u00e9rieurs aux seuils annonc\u00e9s. Pourraient \u00eatre \u00e9ligibles \u00e0 l\u2019exon\u00e9ration progressive de la taxe d\u2019habitation au titre de leur r\u00e9sidence unique en France.&nbsp;\u00bb&nbsp;<\/p>\n\n\n\n<p class=\"wp-block-paragraph\"><strong>Le Gouvernement vient de r\u00e9pondre n\u00e9gativement<\/strong><\/p>\n\n\n\n<p class=\"wp-block-paragraph\">\u00ab&nbsp;Le Pr\u00e9sident de la R\u00e9publique s\u2019est engag\u00e9 \u00e9galement \u00e0 ce qu\u2019une tr\u00e8s grande majorit\u00e9 des m\u00e9nages. Soumis \u00e0 la taxe d\u2019habitation soit progressivement dispens\u00e9e de la charge que repr\u00e9sente cet imp\u00f4t de rendement.<\/p>\n\n\n\n<p class=\"wp-block-paragraph\">C\u2019est pourquoi, l\u2019article 3 du projet de loi de finances pour 2018 propose d\u2019instaurer, \u00e0 compter des impositions de 2018, un nouveau d\u00e9gr\u00e8vement qui, s\u2019ajoutant aux exon\u00e9rations existantes, permettra \u00e0 environ 80&nbsp;% des foyers d\u2019\u00eatre dispens\u00e9s du paiement de la taxe d\u2019habitation au titre de leur r\u00e9sidence principale d\u2019ici 2020.<\/p>\n\n\n\n<p class=\"wp-block-paragraph\"><strong>Cet objectif sera atteint de mani\u00e8re progressive sur trois ans.<\/strong><\/p>\n\n\n\n<p class=\"wp-block-paragraph\">Ainsi, ce nouveau d\u00e9gr\u00e8vement ne s\u2019applique qu\u2019aux cotisations de taxe d\u2019habitation aff\u00e9rentes \u00e0 la r\u00e9sidence principale. Ainsi, le nouveau d\u00e9gr\u00e8vement ne peut, par d\u00e9finition. Trouver \u00e0 s\u2019appliquer aux locaux d\u2019habitation qu\u2019occupent les Fran\u00e7ais \u00e9tablis hors de France. En tout \u00e9tat de cause, le droit conventionnel. Comme le droit europ\u00e9en, ne pourrait \u00eatre compatible avec une disposition fiscale privil\u00e9giant certains contribuables non-r\u00e9sidents en raison de leur nationalit\u00e9. D\u00e8s lors, il n\u2019est pas envisag\u00e9 de changer la l\u00e9gislation sur ce point.&nbsp;\u00bb<\/p>\n","protected":false},"excerpt":{"rendered":"<p>Les Fran\u00e7ais de l\u2019\u00e9tranger ne sont pas \u00e9ligibles \u00e0 l\u2019exon\u00e9ration progressive de la taxe d\u2019habitation. <\/p>\n","protected":false},"author":1,"featured_media":3825,"comment_status":"closed","ping_status":"open","sticky":false,"template":"","format":"standard","meta":{"neve_meta_sidebar":"","neve_meta_container":"","neve_meta_enable_content_width":"","neve_meta_content_width":0,"neve_meta_title_alignment":"","neve_meta_author_avatar":"","neve_post_elements_order":"","neve_meta_disable_header":"","neve_meta_disable_footer":"","neve_meta_disable_title":"","neve_meta_reading_time":"","_jetpack_newsletter_access":"","_jetpack_dont_email_post_to_subs":false,"_jetpack_newsletter_tier_id":0,"_jetpack_memberships_contains_paywalled_content":false,"_jetpack_feature_clip_id":0,"_jetpack_memberships_contains_paid_content":false,"footnotes":"","jetpack_publicize_message":"Les Fran\u00e7ais de l\u2019\u00e9tranger ne sont pas \u00e9ligibles \u00e0 l\u2019exon\u00e9ration progressive de la taxe d\u2019habitation","jetpack_publicize_feature_enabled":true,"jetpack_social_post_already_shared":true,"jetpack_social_options":{"image_generator_settings":{"template":"highway","default_image_id":0,"font":"","enabled":false},"version":2},"jetpack_post_was_ever_published":false},"categories":[1684,1],"tags":[],"class_list":["post-3199","post","type-post","status-publish","format-standard","has-post-thumbnail","hentry","category-fiscalites-des-expatrier-au-portugal","category-fiscalite-des-francais-au-portugal"],"jetpack_publicize_connections":[],"jetpack_sharing_enabled":true,"jetpack_featured_media_url":"https:\/\/i0.wp.com\/vivreauportugalconsulting.com\/wp-content\/uploads\/2018\/11\/taxe-habitation.jpg?fit=1000%2C495&ssl=1","_links":{"self":[{"href":"https:\/\/vivreauportugalconsulting.com\/fr_fr\/wp-json\/wp\/v2\/posts\/3199","targetHints":{"allow":["GET"]}}],"collection":[{"href":"https:\/\/vivreauportugalconsulting.com\/fr_fr\/wp-json\/wp\/v2\/posts"}],"about":[{"href":"https:\/\/vivreauportugalconsulting.com\/fr_fr\/wp-json\/wp\/v2\/types\/post"}],"author":[{"embeddable":true,"href":"https:\/\/vivreauportugalconsulting.com\/fr_fr\/wp-json\/wp\/v2\/users\/1"}],"replies":[{"embeddable":true,"href":"https:\/\/vivreauportugalconsulting.com\/fr_fr\/wp-json\/wp\/v2\/comments?post=3199"}],"version-history":[{"count":0,"href":"https:\/\/vivreauportugalconsulting.com\/fr_fr\/wp-json\/wp\/v2\/posts\/3199\/revisions"}],"wp:featuredmedia":[{"embeddable":true,"href":"https:\/\/vivreauportugalconsulting.com\/fr_fr\/wp-json\/wp\/v2\/media\/3825"}],"wp:attachment":[{"href":"https:\/\/vivreauportugalconsulting.com\/fr_fr\/wp-json\/wp\/v2\/media?parent=3199"}],"wp:term":[{"taxonomy":"category","embeddable":true,"href":"https:\/\/vivreauportugalconsulting.com\/fr_fr\/wp-json\/wp\/v2\/categories?post=3199"},{"taxonomy":"post_tag","embeddable":true,"href":"https:\/\/vivreauportugalconsulting.com\/fr_fr\/wp-json\/wp\/v2\/tags?post=3199"}],"curies":[{"name":"wp","href":"https:\/\/api.w.org\/{rel}","templated":true}]}}