{"id":350,"date":"2016-01-25T14:59:03","date_gmt":"2016-01-25T14:59:03","guid":{"rendered":"http:\/\/vivreauportugalconsulting.com\/?p=350"},"modified":"2016-01-25T14:59:03","modified_gmt":"2016-01-25T14:59:03","slug":"top-10-pays-prendrez-retraite","status":"publish","type":"post","link":"https:\/\/vivreauportugalconsulting.com\/fr_fr\/top-10-pays-prendrez-retraite\/","title":{"rendered":"Le top 10 des pays ou vous prendrez votre retraite"},"content":{"rendered":"<p class=\"p1\"><img data-recalc-dims=\"1\" fetchpriority=\"high\" decoding=\"async\" class=\"aligncenter size-medium wp-image-361\" src=\"https:\/\/i0.wp.com\/vivreauportugalconsulting.com\/wp-content\/uploads\/2016\/01\/TOP10-des-pays-ou-prendre-sa-retraite.png?resize=552%2C380&#038;ssl=1\" alt=\"TOP10 des pays ou prendre sa retraite\" width=\"552\" height=\"380\" srcset=\"https:\/\/i0.wp.com\/vivreauportugalconsulting.com\/wp-content\/uploads\/2016\/01\/TOP10-des-pays-ou-prendre-sa-retraite.png?resize=552%2C380&amp;ssl=1 552w, https:\/\/i0.wp.com\/vivreauportugalconsulting.com\/wp-content\/uploads\/2016\/01\/TOP10-des-pays-ou-prendre-sa-retraite.png?resize=275%2C189&amp;ssl=1 275w, https:\/\/i0.wp.com\/vivreauportugalconsulting.com\/wp-content\/uploads\/2016\/01\/TOP10-des-pays-ou-prendre-sa-retraite.png?w=971&amp;ssl=1 971w\" sizes=\"(max-width: 552px) 100vw, 552px\" \/><\/p>\n<p class=\"p1\"><span class=\"s1\">Comme environ un Fran\u00e7ais de plus de 50 ans sur trois, vous vous verriez bien passer votre retraite sous d&rsquo;autres cieux ? Il reste \u00e0 choisir votre destination, et ce n&rsquo;est pas une mince affaire ! Pour vous aider, le site Retraite-etranger.fr dresse chaque ann\u00e9e son palmar\u00e8s des meilleurs pays. Nous vous le pr\u00e9sentons en avant-premi\u00e8re.<\/span><\/p>\n<p class=\"p1\"><span class=\"s1\">Portugal\u00a0<\/span><span class=\"s2\">Les seniors fran\u00e7ais n&rsquo;ont plus que ce mot \u00e0 la bouche quand vous leur parlez de retraite au soleil. Et le dernier \u00ab\u00a0Palmar\u00e8s des paradis de la retraite\u00a0\u00bb va les conforter, puisque pour la seconde ann\u00e9e cons\u00e9cutive, il vient de sacrer le pays \u00ab\u00a0meilleure destination pour passer sa retraite \u00e0 l&rsquo;\u00e9tranger\u00a0\u00bb. Comme en 2015, la <span class=\"s1\">Tha\u00eflande<\/span> pointe \u00e0 la deuxi\u00e8me place de ce classement annuel. Viennent ensuite l&rsquo;Ile Maurice, l&rsquo;Espagne et le Maroc.\u00a0<\/span><\/p>\n<p class=\"p1\"><strong><span class=\"s1\">Faveur fiscale au Portugal, d\u00e9penses mini en Tha\u00eflande<\/span><\/strong><\/p>\n<p class=\"p2\"><span class=\"s1\">Le Portugal a d&rsquo;autant plus profit\u00e9 de ce mouvement qu&rsquo;il l&rsquo;a accompagn\u00e9 par une <span class=\"s2\">faveur\u00a0<\/span><span class=\"s2\">fiscale<\/span> d\u00e9tonante. Les retrait\u00e9s qui s&rsquo;y installent voient, depuis 2013, leurs pensions exon\u00e9r\u00e9es d&rsquo;imp\u00f4t sur le revenu pendant 10 ans. A condition que ces pensions ne soient pas issues de la Fonction publique, et d&rsquo;\u00eatre consid\u00e9r\u00e9 comme fiscalement domicili\u00e9 \u00e0 l&rsquo;\u00e9tranger par la France (ce qui implique de r\u00e9sider hors du pays au moins la moiti\u00e9 de l&rsquo;ann\u00e9e et de ne pas y conserver le centre de ses int\u00e9r\u00eats \u00e9conomiques).\u00a0<\/span><\/p>\n<p class=\"p2\"><span class=\"s1\">Apr\u00e8s, le Portugal n&rsquo;est pas la meilleure affaire en mati\u00e8re de co\u00fbt de la vie. Pour diminuer drastiquement vos d\u00e9penses quotidiennes, c&rsquo;est, par exemple, vers la Tha\u00eflande qu&rsquo;il faut regarder. Selon les calculs de Paul Delahoutre, un couple de retrait\u00e9s vivant l\u00e0-bas d\u00e9pense en moyenne quelque 40 % de moins qu&rsquo;en France pour la vie courante (hors logement et sant\u00e9) &#8211; c&rsquo;est environ 20 % au Portugal. Mieux vaut toutefois ne pas avoir peur de l&rsquo;\u00e9loignement g\u00e9ographique et du d\u00e9paysement pour se lancer dans l&rsquo;aventure tha\u00eflandaise.\u00a0<\/span><\/p>\n<p class=\"p2\"><span class=\"s1\">\u00ab\u00a0L&rsquo;\u00eele Maurice attire quant \u00e0 elle par son environnement paradisiaque, son climat, sa francophonie et sa stabilit\u00e9\u00a0\u00bb, d\u00e9taille Paul Delahoutre. Remarquez enfin que pour la premi\u00e8re fois, Malte fait en 2016 son entr\u00e9e dans le top 10.\u00a0<\/span><\/p>\n<p class=\"p1\"><a href=\"http:\/\/votreargent.lexpress.fr\/retraite\/exclusif-le-top-10-des-pays-ou-il-fait-bon-prendre-sa-retraite-en-2016_1755234.html\" target=\"_blank\" rel=\"noopener\">Source<\/a><\/p>\n<p class=\"p1\" style=\"text-align: center;\"><strong><span class=\"s1\"><a href=\"https:\/\/vivreauportugalconsulting.com\/contact\/demande-detude-personnalisee\/\">CONTACTEZ-NOUS POUR UNE ANALYSE GRATUITE DE VOTRE SITUATION PERSONNELLE<\/a><\/span><\/strong><\/p>\n<p class=\"p12\">\n","protected":false},"excerpt":{"rendered":"<p>Comme environ un Fran\u00e7ais de plus de 50 ans sur trois, vous vous verriez bien passer votre retraite sous d&rsquo;autres cieux ?<\/p>\n","protected":false},"author":1,"featured_media":0,"comment_status":"closed","ping_status":"open","sticky":false,"template":"","format":"standard","meta":{"neve_meta_sidebar":"","neve_meta_container":"","neve_meta_enable_content_width":"","neve_meta_content_width":0,"neve_meta_title_alignment":"","neve_meta_author_avatar":"","neve_post_elements_order":"","neve_meta_disable_header":"","neve_meta_disable_footer":"","neve_meta_disable_title":"","neve_meta_reading_time":"","_jetpack_memberships_contains_paid_content":false,"footnotes":"","jetpack_publicize_message":"","jetpack_publicize_feature_enabled":true,"jetpack_social_post_already_shared":true,"jetpack_social_options":{"image_generator_settings":{"template":"highway","default_image_id":0,"font":"","enabled":false},"version":2}},"categories":[1],"tags":[],"class_list":["post-350","post","type-post","status-publish","format-standard","hentry","category-fiscalite-des-francais-au-portugal"],"jetpack_publicize_connections":[],"jetpack_featured_media_url":"","jetpack_sharing_enabled":true,"_links":{"self":[{"href":"https:\/\/vivreauportugalconsulting.com\/fr_fr\/wp-json\/wp\/v2\/posts\/350","targetHints":{"allow":["GET"]}}],"collection":[{"href":"https:\/\/vivreauportugalconsulting.com\/fr_fr\/wp-json\/wp\/v2\/posts"}],"about":[{"href":"https:\/\/vivreauportugalconsulting.com\/fr_fr\/wp-json\/wp\/v2\/types\/post"}],"author":[{"embeddable":true,"href":"https:\/\/vivreauportugalconsulting.com\/fr_fr\/wp-json\/wp\/v2\/users\/1"}],"replies":[{"embeddable":true,"href":"https:\/\/vivreauportugalconsulting.com\/fr_fr\/wp-json\/wp\/v2\/comments?post=350"}],"version-history":[{"count":0,"href":"https:\/\/vivreauportugalconsulting.com\/fr_fr\/wp-json\/wp\/v2\/posts\/350\/revisions"}],"wp:attachment":[{"href":"https:\/\/vivreauportugalconsulting.com\/fr_fr\/wp-json\/wp\/v2\/media?parent=350"}],"wp:term":[{"taxonomy":"category","embeddable":true,"href":"https:\/\/vivreauportugalconsulting.com\/fr_fr\/wp-json\/wp\/v2\/categories?post=350"},{"taxonomy":"post_tag","embeddable":true,"href":"https:\/\/vivreauportugalconsulting.com\/fr_fr\/wp-json\/wp\/v2\/tags?post=350"}],"curies":[{"name":"wp","href":"https:\/\/api.w.org\/{rel}","templated":true}]}}