{"id":5074,"date":"2019-05-14T11:30:22","date_gmt":"2019-05-14T11:30:22","guid":{"rendered":"https:\/\/vivreauportugalconsulting.com\/?p=5074"},"modified":"2022-08-26T15:35:31","modified_gmt":"2022-08-26T14:35:31","slug":"vente-de-votre-residence-principale","status":"publish","type":"post","link":"https:\/\/vivreauportugalconsulting.com\/fr_fr\/vente-de-votre-residence-principale\/","title":{"rendered":"EXPATRIATION AU PORTUGAL LA VENTE DE VOTRE R\u00c9SIDENCE PRINCIPALE"},"content":{"rendered":"\n<h3 class=\"wp-block-heading\"><strong>EXPATRIATION AU PORTUGAL, LA VENTE DE VOTRE R\u00c9SIDENCE PRINCIPALE EN FRANCE EST EXON\u00c9R\u00c9 DE PLUS-VALUE <\/strong><\/h3>\n\n\n\n<p class=\"wp-block-paragraph\">Au moment de votre d\u00e9part au Portugal, il est fort probable que vous n\u2019ayez pas encore mie en vente votre r\u00e9sident principal ou bien alors que celle-ci ne sera pas encore vendue.&nbsp;La premi\u00e8re question qu\u2019il faut ce poser est de savoir si la vente de votre maison sera soumise a la l\u2019imposition de la plus-value.&nbsp;<\/p>\n\n\n\n<p class=\"wp-block-paragraph\">La r\u00e9ponse est non enfin sous certaines conditions.&nbsp;<\/p>\n\n\n\n<h2 class=\"wp-block-heading\"><strong>Exon\u00e9ration de la plus-value<\/strong><\/h2>\n\n\n\n<p class=\"wp-block-paragraph\">Dans la plupart des cas, lorsque vous vous <a href=\"https:\/\/vivreauportugalconsulting.com\/produit\/retraite-au-portugal-guide\/\" target=\"_blank\" rel=\"noreferrer noopener\" aria-label=\"expatrier au Portugal (opens in a new tab)\">expatrier au Portugal<\/a> avant d\u2019avoir revendu votre r\u00e9sidence principale en France, une<strong> tol\u00e9rance administrative<\/strong> vous permet de b\u00e9n\u00e9ficier de l\u2019exon\u00e9ration d\u2019imp\u00f4t attach\u00e9e \u00e0 la vente de votre r\u00e9sidence principale, m\u00eame si vous n\u2019occupez plus effectivement le logement \u00e0 la date de la vente.<\/p>\n\n\n\n<p class=\"wp-block-paragraph\">Afin de pouvoir en b\u00e9n\u00e9ficier, il suffit que vous ayez habit\u00e9 dans votre r\u00e9sidence principale jusqu\u2019\u00e0 sa mise en vente et que la vente intervienne dans un dit normal. Un d\u00e9lai d\u2019un an \u00e9tant consid\u00e9r\u00e9 comme tel par les finances fran\u00e7aises.&nbsp;<\/p>\n\n\n\n<p class=\"wp-block-paragraph\">Mais un d\u00e9lai plus long n\u2019est pas forc\u00e9ment r\u00e9dhibitoire si vous apportez la preuve que vous avez tout mis en \u0153uvre pour vendre votre logement, annonces, recours \u00e0 plusieurs agences immobili\u00e8res, baisse du prix demand\u00e9\u2026<\/p>\n\n\n\n<p class=\"wp-block-paragraph\">Jusqu\u2019\u00e0 pr\u00e9sent, cette exon\u00e9ration n\u2019\u00e9tait valable que si vous d\u00e9m\u00e9nagiez en France. Si vous partiez \u00e0 l\u2019\u00e9tranger, vous ne pouviez en profiter que si vous aviez vendu votre r\u00e9sidence principale avant votre d\u00e9part. Si vous n\u2019aviez pas eu le temps ou l\u2019opportunit\u00e9 de la vendre avant, vous ne pouviez alors plus b\u00e9n\u00e9ficier de cette exon\u00e9ration. Cependant sous certaines conditions, une exon\u00e9ration partielle, limit\u00e9e \u00e0 la fraction de la plus-value inf\u00e9rieure ou \u00e9gale \u00e0 150&nbsp;000&nbsp;euros pouvait s\u2019appliquer.<\/p>\n\n\n\n<h2 class=\"wp-block-heading\"><strong>Restriction \u00e0 la libert\u00e9 de circulation<\/strong><\/h2>\n\n\n\n<p class=\"wp-block-paragraph\">Si cette diff\u00e9rence de traitement entre r\u00e9sidents et non-r\u00e9sidents avait \u00e9t\u00e9 jug\u00e9e conforme \u00e0 la Constitution, le tribunal administratif de Versailles avait consid\u00e9r\u00e9, pour sa part, dans un jugement rendu en juin&nbsp;2018, qu\u2019elle constituait une restriction \u00e0 la libert\u00e9 de circulation des mouvements de capitaux, interdite par le trait\u00e9 sur le fonctionnement de l\u2019Union europ\u00e9enne.<\/p>\n\n\n\n<p class=\"wp-block-paragraph\">La loi de finances pour 2019 vient de mettre fin \u00e0 cette diff\u00e9rence. Elle pr\u00e9voit que les expatri\u00e9s peuvent d\u00e9sormais b\u00e9n\u00e9ficier de l\u2019exon\u00e9ration attach\u00e9e \u00e0 la vente de la <a href=\"https:\/\/agencelusofrancaiseimmobilier.com\" target=\"_blank\" rel=\"noreferrer noopener\" aria-label=\"r\u00e9sidence principale (opens in a new tab)\">r\u00e9sidence principale<\/a> s\u2019ils s\u2019installent dans un pays de l\u2019Union europ\u00e9enne ou un pays qui a sign\u00e9 une convention fiscale avec la France, \u00e0 condition que la vente intervienne au plus tard le 31&nbsp;d\u00e9cembre de l\u2019ann\u00e9e qui suit leur d\u00e9part. Ce qui signifie en pratique qu\u2019une personne qui s\u2019expatrie en d\u00e9but d\u2019ann\u00e9e b\u00e9n\u00e9ficie d\u2019un d\u00e9lai pouvant atteindre 2&nbsp;ans pour vendre son ancienne r\u00e9sidence principale en \u00e9tant exon\u00e9r\u00e9 d\u2019imp\u00f4t.<\/p>\n\n\n\n<p class=\"wp-block-paragraph\">Attention toute fois, comme pour les r\u00e9sidents fiscaux fran\u00e7ais, il ne faut pas que le logement soit pr\u00eat\u00e9 \u00e0 un tiers (membre de la famille ou ami), ni lou\u00e9 entre la date du d\u00e9part et celle de sa vente.&nbsp;<\/p>\n\n\n\n<p class=\"wp-block-paragraph\">Sous cette r\u00e9serve, dans la mesure o\u00f9 cette disposition s\u2019applique aux cessions r\u00e9alis\u00e9es \u00e0 compter du 1<sup>er<\/sup>&nbsp;janvier&nbsp;2019, ceux qui se sont expatri\u00e9s depuis le 1<sup>er<\/sup>&nbsp;janvier&nbsp;2018 sont susceptibles de profiter de cette exon\u00e9ration s\u2019ils revendent leur ancienne r\u00e9sidence principale avant le 31&nbsp;d\u00e9cembre&nbsp;2019.<\/p>\n","protected":false},"excerpt":{"rendered":"<p>EXPATRIATION AU PORTUGAL, LA VENTE DE VOTRE R\u00c9SIDENCE PRINCIPALE EN FRANCE EST EXON\u00c9R\u00c9 DE PLUS-VALUE Au moment de votre d\u00e9part au Portugal, il est fort probable que vous n\u2019ayez pas encore mie en vente votre r\u00e9sident principal ou bien alors que celle-ci ne sera pas encore vendue.&nbsp;La premi\u00e8re question qu\u2019il faut ce poser est de&hellip;&nbsp;<a href=\"https:\/\/vivreauportugalconsulting.com\/fr_fr\/vente-de-votre-residence-principale\/\" rel=\"bookmark\">Read More &raquo;<span class=\"screen-reader-text\">EXPATRIATION AU PORTUGAL LA VENTE DE VOTRE R\u00c9SIDENCE PRINCIPALE<\/span><\/a><\/p>\n","protected":false},"author":1,"featured_media":5081,"comment_status":"closed","ping_status":"open","sticky":false,"template":"","format":"standard","meta":{"neve_meta_sidebar":"","neve_meta_container":"","neve_meta_enable_content_width":"","neve_meta_content_width":0,"neve_meta_title_alignment":"","neve_meta_author_avatar":"","neve_post_elements_order":"","neve_meta_disable_header":"","neve_meta_disable_footer":"","neve_meta_disable_title":"","neve_meta_reading_time":"","_jetpack_newsletter_access":"","_jetpack_dont_email_post_to_subs":false,"_jetpack_newsletter_tier_id":0,"_jetpack_memberships_contains_paywalled_content":false,"_jetpack_feature_clip_id":0,"_jetpack_memberships_contains_paid_content":false,"footnotes":"","jetpack_publicize_message":"#EXPATRIATION AU #PORTUGAL LA VENTE DE VOTRE R\u00c9SIDENCE PRINCIPALE","jetpack_publicize_feature_enabled":true,"jetpack_social_post_already_shared":true,"jetpack_social_options":{"image_generator_settings":{"template":"highway","default_image_id":0,"font":"","enabled":false},"version":2},"jetpack_post_was_ever_published":false},"categories":[1684,6],"tags":[596],"class_list":["post-5074","post","type-post","status-publish","format-standard","has-post-thumbnail","hentry","category-fiscalites-des-expatrier-au-portugal","category-immobilier-au-portugal","tag-immobilier"],"jetpack_publicize_connections":[],"jetpack_sharing_enabled":true,"jetpack_featured_media_url":"https:\/\/i0.wp.com\/vivreauportugalconsulting.com\/wp-content\/uploads\/2019\/05\/vente-de-votre-r%C3%A9sidence-principale.png?fit=648%2C284&ssl=1","_links":{"self":[{"href":"https:\/\/vivreauportugalconsulting.com\/fr_fr\/wp-json\/wp\/v2\/posts\/5074","targetHints":{"allow":["GET"]}}],"collection":[{"href":"https:\/\/vivreauportugalconsulting.com\/fr_fr\/wp-json\/wp\/v2\/posts"}],"about":[{"href":"https:\/\/vivreauportugalconsulting.com\/fr_fr\/wp-json\/wp\/v2\/types\/post"}],"author":[{"embeddable":true,"href":"https:\/\/vivreauportugalconsulting.com\/fr_fr\/wp-json\/wp\/v2\/users\/1"}],"replies":[{"embeddable":true,"href":"https:\/\/vivreauportugalconsulting.com\/fr_fr\/wp-json\/wp\/v2\/comments?post=5074"}],"version-history":[{"count":0,"href":"https:\/\/vivreauportugalconsulting.com\/fr_fr\/wp-json\/wp\/v2\/posts\/5074\/revisions"}],"wp:featuredmedia":[{"embeddable":true,"href":"https:\/\/vivreauportugalconsulting.com\/fr_fr\/wp-json\/wp\/v2\/media\/5081"}],"wp:attachment":[{"href":"https:\/\/vivreauportugalconsulting.com\/fr_fr\/wp-json\/wp\/v2\/media?parent=5074"}],"wp:term":[{"taxonomy":"category","embeddable":true,"href":"https:\/\/vivreauportugalconsulting.com\/fr_fr\/wp-json\/wp\/v2\/categories?post=5074"},{"taxonomy":"post_tag","embeddable":true,"href":"https:\/\/vivreauportugalconsulting.com\/fr_fr\/wp-json\/wp\/v2\/tags?post=5074"}],"curies":[{"name":"wp","href":"https:\/\/api.w.org\/{rel}","templated":true}]}}