{"id":6326,"date":"2019-09-17T16:43:22","date_gmt":"2019-09-17T15:43:22","guid":{"rendered":"https:\/\/vivreauportugalconsulting.com\/?p=6326"},"modified":"2019-09-18T10:16:35","modified_gmt":"2019-09-18T09:16:35","slug":"nouvelle-loi-sur-le-logement-au-portugal-2020","status":"publish","type":"post","link":"https:\/\/vivreauportugalconsulting.com\/fr_fr\/nouvelle-loi-sur-le-logement-au-portugal-2020\/","title":{"rendered":"NOUVELLE LOI SUR LE LOGEMENT AU PORTUGAL 2020"},"content":{"rendered":"\n<h2 class=\"wp-block-heading\">Loi sur le logement au Portugal, les nouveaut\u00e9s<\/h2>\n\n\n\n<p>Septembre est synonyme de retour au travail et le mois d&rsquo;octobre&nbsp;sera synonyme de&nbsp;l\u00e9gislation. Une nouvelle vague de lois&nbsp;va \u00eatre mise en place et celle-ci aura un v\u00e9ritable impact sur les citoyens et \u00e9galement les entreprises.<\/p>\n\n\n\n<p>Parmi les mesures qui composent la loi sur le logement, le gouvernement \u00e0 mie en&nbsp;lumi\u00e8re <strong>Programa Nacional de Habita\u00e7\u00e3o e da Carta Municipal de Habita\u00e7\u00e3o<\/strong>, ainsi que la&nbsp;<strong>prote\u00e7\u00e3o no despejo e a integra\u00e7\u00e3o do direito \u00e0 habita\u00e7\u00e3o nas pol\u00edticas de erradica\u00e7\u00e3o de pessoas em condi\u00e7\u00e3o de sem-abrigo<\/strong>.&nbsp;<\/p>\n\n\n\n<p>Le gouvernement a \u00e9galement modifi\u00e9 la loi permettant aux banques de pouvoir proc\u00e9der \u00e0 la saisie d\u2019un bien immobilier pour d\u00e9faut de payement (sous certaines conditions). <\/p>\n\n\n\n\n\n<p>\u00catre propri\u00e9taire sans avoir besoin d\u2019acheter \u00e7a vous semble impossible, et bien maintenant cela est possible au Portugal. Le gouvernement socialiste de Ant\u00f3nio Costa a finalement approuv\u00e9 <a href=\"https:\/\/www.idealista.pt\/news\/imobiliario\/habitacao\/2019\/02\/15\/38789-governo-cria-novo-contrato-de-habitacao-vitalicio-e-aposta-no-arrendamento-acessivel\" target=\"_blank\" rel=\"noopener\"><strong><span style=\"text-decoration: underline;\">Direito Real de Habita\u00e7\u00e3o Duradoura (DHD)<\/span><\/strong><\/a>.&nbsp;<\/p>\n\n\n\n<p>Le but du DHD est d\u2019offrir au locataire la possibilit\u00e9 d\u2019obtenir une forme permanente de logement \u00e0&nbsp;vie. Pour cela le locataire devrait proc\u00e9der au payement d\u2019un d\u00e9p\u00f4t initial et ensuite un le payement d\u2019un loyer mensuel. Nous pourrions comparer cette forme d\u2019acquisition au viager fran\u00e7ais. <\/p>\n\n\n\n<h3 class=\"wp-block-heading\">Les nouvelles taxes sur l&rsquo;investissement<\/h3>\n\n\n\n<p>\u00c0 partir du&nbsp;1er&nbsp;octobre 2019, l&rsquo;amendement sur la Taxe fonci\u00e8re municipale (IMI) qui met fin \u00e0 la confidentialit\u00e9 des terrains attenants \u00e0 votre propri\u00e9t\u00e9. Cela signifie que les&nbsp;avocats, les huissiers et les notaires, seront de nouveau en&nbsp;mesure de consulter les matrices des parcelles voisines de leurs clients.&nbsp;<\/p>\n\n\n\n<p>Toujours concernant IMI, le gouvernement \u00e9tudie la proposition de r\u00e9vision des coefficients de lieu, le gouvernement devrait normalement valider cette r\u00e9vision fin octobre avec une mise en application en 2020.<\/p>\n\n\n\n<p>Depuis la promulgation par le Pr\u00e9sident de la R\u00e9publique au mois d\u2019aout,&nbsp;les modifications li\u00e9es aux soci\u00e9t\u00e9s d\u2019investissement et gestion immobili\u00e8re&nbsp;(<strong><span style=\"text-decoration: underline;\"><a href=\"https:\/\/vivreauportugalconsulting.com\/les-sigi-booste-immobilier-portugal\/\">SIGI<\/a><\/span><\/strong>)&nbsp;&nbsp;ont \u00e9galement \u00e9t\u00e9&nbsp;publi\u00e9es au Journal officiel.<\/p>\n\n\n\n<h3 class=\"wp-block-heading\">Les syndics de copropri\u00e9t\u00e9 devront obligatoirement d\u00e9tenir un compte de r\u00e9serve<\/h3>\n\n\n\n<p>La nouvelle loi sur le logement au Portugal, a r\u00e8glement\u00e9 les activit\u00e9s des syndics de copropri\u00e9t\u00e9 et&nbsp;leur impose l\u2019existence et l\u2019utilisation d<strong>\u2019un compte de r\u00e9serve<\/strong>.<\/p>\n\n\n\n<p>En compl\u00e9ment les syndics de copropri\u00e9t\u00e9 pourront b\u00e9n\u00e9ficier de&nbsp;conditions pr\u00e9f\u00e9rentielles&nbsp;pour l\u2019acc\u00e8s aux programmes de r\u00e9habilitation et de&nbsp;r\u00e9novation urbaine, en&nbsp;particulier en ce qui concerne le confort thermique et acoustique, l\u2019efficacit\u00e9 \u00e9nerg\u00e9tique et l\u2019accessibilit\u00e9 pour les&nbsp;personnes \u00e0 mobilit\u00e9 r\u00e9duite.<\/p>\n","protected":false},"excerpt":{"rendered":"<p>Septembre est synonyme de retour au travail et le mois d&rsquo;octobre sera synonyme de l\u00e9gislation. Une nouvelle vague de lois va \u00eatre mise en place et celle-ci aura un v\u00e9ritable impact sur les citoyen et \u00e9galement les entreprises.<\/p>\n","protected":false},"author":1,"featured_media":6332,"comment_status":"closed","ping_status":"open","sticky":false,"template":"","format":"standard","meta":{"neve_meta_sidebar":"","neve_meta_container":"","neve_meta_enable_content_width":"","neve_meta_content_width":0,"neve_meta_title_alignment":"","neve_meta_author_avatar":"","neve_post_elements_order":"","neve_meta_disable_header":"","neve_meta_disable_footer":"","neve_meta_disable_title":"","neve_meta_reading_time":"","_jetpack_memberships_contains_paid_content":false,"footnotes":"","jetpack_publicize_message":"Septembre est synonyme de retour au travail et le mois d'octobre sera synonyme de l\u00e9gislation\n\n\n#portugal #immobilierauportugal","jetpack_publicize_feature_enabled":true,"jetpack_social_post_already_shared":true,"jetpack_social_options":{"image_generator_settings":{"template":"highway","default_image_id":0,"font":"","enabled":false},"version":2}},"categories":[1,6],"tags":[],"class_list":["post-6326","post","type-post","status-publish","format-standard","has-post-thumbnail","hentry","category-fiscalite-des-francais-au-portugal","category-immobilier-au-portugal"],"jetpack_publicize_connections":[],"jetpack_featured_media_url":"https:\/\/i0.wp.com\/vivreauportugalconsulting.com\/wp-content\/uploads\/2019\/09\/LOI-SUR-LE-LOGEMENT-AU-PORTUGAL.jpg?fit=1536%2C1024&ssl=1","jetpack_sharing_enabled":true,"_links":{"self":[{"href":"https:\/\/vivreauportugalconsulting.com\/fr_fr\/wp-json\/wp\/v2\/posts\/6326","targetHints":{"allow":["GET"]}}],"collection":[{"href":"https:\/\/vivreauportugalconsulting.com\/fr_fr\/wp-json\/wp\/v2\/posts"}],"about":[{"href":"https:\/\/vivreauportugalconsulting.com\/fr_fr\/wp-json\/wp\/v2\/types\/post"}],"author":[{"embeddable":true,"href":"https:\/\/vivreauportugalconsulting.com\/fr_fr\/wp-json\/wp\/v2\/users\/1"}],"replies":[{"embeddable":true,"href":"https:\/\/vivreauportugalconsulting.com\/fr_fr\/wp-json\/wp\/v2\/comments?post=6326"}],"version-history":[{"count":0,"href":"https:\/\/vivreauportugalconsulting.com\/fr_fr\/wp-json\/wp\/v2\/posts\/6326\/revisions"}],"wp:featuredmedia":[{"embeddable":true,"href":"https:\/\/vivreauportugalconsulting.com\/fr_fr\/wp-json\/wp\/v2\/media\/6332"}],"wp:attachment":[{"href":"https:\/\/vivreauportugalconsulting.com\/fr_fr\/wp-json\/wp\/v2\/media?parent=6326"}],"wp:term":[{"taxonomy":"category","embeddable":true,"href":"https:\/\/vivreauportugalconsulting.com\/fr_fr\/wp-json\/wp\/v2\/categories?post=6326"},{"taxonomy":"post_tag","embeddable":true,"href":"https:\/\/vivreauportugalconsulting.com\/fr_fr\/wp-json\/wp\/v2\/tags?post=6326"}],"curies":[{"name":"wp","href":"https:\/\/api.w.org\/{rel}","templated":true}]}}