{"id":6354,"date":"2019-09-20T11:00:43","date_gmt":"2019-09-20T10:00:43","guid":{"rendered":"https:\/\/vivreauportugalconsulting.com\/?p=6354"},"modified":"2022-08-26T14:50:59","modified_gmt":"2022-08-26T13:50:59","slug":"contrat-de-travail-au-portugal","status":"publish","type":"post","link":"https:\/\/vivreauportugalconsulting.com\/fr_fr\/contrat-de-travail-au-portugal\/","title":{"rendered":"LES DIFF\u00c9RENTS CONTRATS DE TRAVAIL AU PORTUGAL"},"content":{"rendered":"\n<h2 class=\"wp-block-heading\">Contrat de travail au Portugal<\/h2>\n\n\n\n<p class=\"wp-block-paragraph\">Le contrat de travail est un type de contrat par lequel une personne s&rsquo;engage \u00e0 effectuer un travail pour un autre moyennant une r\u00e9mun\u00e9ration. En fonction des syst\u00e8mes juridiques, la notion de contrat ne recouvre pas exactement les m\u00eames choses.<\/p>\n\n\n\n<p class=\"wp-block-paragraph\">Au Portugal, il existe diff\u00e9rents types de contrats de travail. Comme en France, chaque contrat de travail \u00e0 ses sp\u00e9cificit\u00e9s et nous allons \u00e0 travers cet article vous en expliquer les diff\u00e9rences. Nous vous expliquerons \u00e9galement <strong>les conditions de travail au Portugal<\/strong>.<\/p>\n\n\n\n<h3 class=\"wp-block-heading\">Contrato a termo incerto<\/h3>\n\n\n\n<p class=\"wp-block-paragraph\">Ce contrat est un contrat \u00e0 dur\u00e9e ind\u00e9termin\u00e9e.&nbsp;Aucune date de fin de contrat n\u2019est indiqu\u00e9e, en g\u00e9n\u00e9ral, l\u2019embauche devient d\u00e9finitive apr\u00e8s une p\u00e9riode d\u2019essai comprise entre trois et six mois. Pour les cadres sup\u00e9rieurs et personnels de direction, le d\u00e9lai peut aller jusqu\u2019\u00e0 240 jours. Durant cette phase, chacune des parties peut mettre fin, sans pr\u00e9avis, au contrat de travail au Portugal. Une fois pass\u00e9e la p\u00e9riode d\u2019essai, l\u2019embauche devient d\u00e9finitive.<\/p>\n\n\n\n<h3 class=\"wp-block-heading\">Contrato a termo certo<\/h3>\n\n\n\n<p class=\"wp-block-paragraph\">C\u2019est l\u2019\u00e9quivalent fran\u00e7ais du CDD. La date de fin du contrat est fix\u00e9e par \u00e9crit,  les employ\u00e9s en CDD ont les m\u00eames droits et devoirs que les employ\u00e9s en CDI dans une situation similaire. La dur\u00e9e du CDD est comprise entre 3 et 4 ans. Ce contrat ne peut pas \u00eatre renouvel\u00e9 plus de 3 fois cons\u00e9cutives, apr\u00e8s cette p\u00e9riode l\u2019employeur doit proposer \u00e0 son salari\u00e9 une offre en CDI.<\/p>\n\n\n\n<h3 class=\"wp-block-heading\">Contrato de trabalho&nbsp;temporarios&nbsp;<\/h3>\n\n\n\n<p class=\"wp-block-paragraph\">Le contrat de travail temporaire, celui-ci doit \u00eatre doit \u00eatre \u00e9crit et sign\u00e9 par l\u2019entreprise, l\u2019employeur et l\u2019employ\u00e9. Ce contrat est diff\u00e9rent d\u2019un CDD dans la mesure o\u00f9 les r\u00e8gles que l\u2019employ\u00e9 doit suivre sont diff\u00e9rentes et que celui-ci dure moins longtemps qu\u2019un CDD.<\/p>\n\n\n\n<h3 class=\"wp-block-heading\">Contrato a tempo parcial&nbsp;<\/h3>\n\n\n\n<p class=\"wp-block-paragraph\">Le contrato a tempo parcial&nbsp;est comme vous vous en dout\u00e9, un contrat de travail \u00e0 temps partiel. Pour ce type de contrat, il est indispensable de signer un contrat \u00e9crit. Il doit correspondre \u00e0 75&nbsp;% maximum de la dur\u00e9e l\u00e9gale d\u2019un contrat de travail, soit 40 heures par semaine. Le nombre exact d\u2019heures de travail doit \u00eatre mentionn\u00e9 sur le contrat.<\/p>\n\n\n\n<h3 class=\"wp-block-heading\">Recibos Verdes<\/h3>\n\n\n\n<p class=\"wp-block-paragraph\">Recibos Verdes&nbsp;n\u2019est pas r\u00e9ellement un contrat en soi mais plus un statut qui&nbsp;peut \u00eatre compar\u00e9 \u00e0 celui d\u2019auto-entrepreneur en France. A ce sujet nous vous invitons \u00e0 <strong>lire notre livre<\/strong> d\u00e9di\u00e9 au <a href=\"https:\/\/vivreauportugalconsulting.com\/produit\/guide-entrepreneur-freelance-au-portugal\/\"><strong><span style=\"text-decoration: underline;\">Freelance et entrepreneur au Portugal<\/span><\/strong><\/a>. <\/p>\n\n\n\n<p class=\"wp-block-paragraph\">La personne embauch\u00e9e par l&rsquo;interm\u00e9diaire d&rsquo;un recibos verdes \u00e9met un re\u00e7u chaque fin de mois en \u00e9change de sa r\u00e9mun\u00e9ration. Comme ce n&rsquo;est pas un contrat de travail \u00e0 proprement parl\u00e9, il n\u2019existe pas de d\u2019obligations r\u00e9ciproques entre l\u2019employeur et l\u2019employ\u00e9.&nbsp;Chacun peut mettre un terme \u00e0 la collaboration sans avoir \u00e0 respecter un quelconque pr\u00e9avis ou \u00e0 se justifier. C\u2019est l\u2019employ\u00e9 en recibos verdes qui doit s\u2019acquitter de ses cotisations sociales.<\/p>\n\n\n\n<p class=\"wp-block-paragraph\">Vous l&rsquo;aurez compris le contrat de travail au Portugal est tr\u00e8s diff\u00e9rents de ce que vous pouvez connaitre dans votre pays. M\u00eame si son intitul\u00e9 pour vous semble familier les conditions li\u00e9es au contrat de travail sont totalement diff\u00e9rentes. <\/p>\n\n\n\n<h2 class=\"wp-block-heading\">Les conditions de travail au Portugal<\/h2>\n\n\n\n<p class=\"wp-block-paragraph\">Maintenant que vous connaissez les contrat de travail au Portugal, il est temps de vous parler des conditions de travail au Portugal. <\/p>\n\n\n\n<h3 class=\"wp-block-heading\">Les heures suppl\u00e9mentaires<\/h3>\n\n\n\n<p class=\"wp-block-paragraph\">Le salari\u00e9 peut effectuer des heures suppl\u00e9mentaires. Celles-ci ne peuvent pas exc\u00e9der deux heures pendant les jours normaux et huit heures pendant les jours de repos ou les vacances.&nbsp;Le nombre d\u2019heures suppl\u00e9mentaires ne peut exc\u00e9der 175 heures par an pour les PME et 150 heures par an pour les grandes entreprises.&nbsp;La premi\u00e8re heure suppl\u00e9mentaire est major\u00e9e de 25&nbsp;%, les suivantes de 37,5&nbsp;% les jours ouvrables et de 50&nbsp;% les fins de semaine et jours f\u00e9ri\u00e9s.<\/p>\n\n\n\n<h3 class=\"wp-block-heading\">Les cong\u00e9s<\/h3>\n\n\n\n<p class=\"wp-block-paragraph\">Tout salari\u00e9 ayant sign\u00e9 un contrat de travail au Portugal, b\u00e9n\u00e9ficie de 22 jours de cong\u00e9 par an qui peuvent \u00eatre pris en une seule fois ou fractionn\u00e9s. Toutefois, la loi impose au salari\u00e9 de prendre au moins 10 jours de cong\u00e9 cons\u00e9cutifs.&nbsp;Pour un contrat \u00e0 dur\u00e9e d\u00e9termin\u00e9e (CDD), les droits \u00e0 cong\u00e9 sont fonction de la dur\u00e9e du contrat&nbsp;:<\/p>\n\n\n\n<ul class=\"wp-block-list\"><li>la dur\u00e9e du CDD est inf\u00e9rieure \u00e0 un an&nbsp;: le nombre de jours de cong\u00e9 est de deux jours par mois travaill\u00e9&nbsp;;<\/li><li>la dur\u00e9e du CDD est sup\u00e9rieure \u00e0 un an&nbsp;: les droits \u00e0 cong\u00e9 sont les m\u00eames que pour un CDI, soit 22 jours de cong\u00e9 par an.<\/li><\/ul>\n\n\n\n<h3 class=\"wp-block-heading\">Les jours feri\u00e9s<\/h3>\n\n\n\n<p class=\"wp-block-paragraph\">Le Portugal compte 9 jours f\u00e9ri\u00e9s.<\/p>\n\n\n\n<ul class=\"wp-block-list\"><li>25 Avril: jour de la Libert\u00e9<\/li><li>10 Juin:&nbsp;jour du Portugal<\/li><li>25 D\u00e9cembre: Noel<\/li><li>25 Mars: Vendredi saint<\/li><li>27 Mars: P\u00e2ques<\/li><li>15 Aout: Assomption,<\/li><li>8 d\u00e9cembre: Immacul\u00e9e Conception<\/li><li>1er Janvier: Nouvel an<\/li><li>1er mai, f\u00eate du travail<\/li><\/ul>\n\n\n\n<h3 class=\"wp-block-heading\">La couverture sociale<\/h3>\n\n\n\n<p class=\"wp-block-paragraph\">Deux situations de couverture sont possibles. Un salari\u00e9 fran\u00e7ais peut \u00eatre soit couvert par la s\u00e9curit\u00e9 sociale fran\u00e7aise sous certaines conditions, soit par la s\u00e9curit\u00e9 sociale portugaise. <\/p>\n\n\n\n<p class=\"wp-block-paragraph\">Pour plus d&rsquo;information sur ce sujet nous vous invitons \u00e0 consulter ce <a href=\"https:\/\/www.cleiss.fr\" target=\"_blank\" rel=\"noreferrer noopener\" aria-label=\"lien (opens in a new tab)\">lien<\/a>. &nbsp;<\/p>\n\n\n\n<h4 class=\"wp-block-heading\">Le d\u00e9tachement&nbsp;: maintien de la couverture sociale fran\u00e7aise<\/h4>\n\n\n\n<p class=\"wp-block-paragraph\">La loi fran\u00e7aise&nbsp;autorise le d\u00e9tachement au Portugal d\u2019un salari\u00e9 fran\u00e7ais pendant une dur\u00e9e de 12 mois, renouvelable une fois. Le salari\u00e9 continue \u00e0 b\u00e9n\u00e9ficier de la couverture sociale fran\u00e7aise et de payer ses cotisations en France.<\/p>\n\n\n\n<h4 class=\"wp-block-heading\">L\u2019inscription a la s\u00e9curit\u00e9 sociale portugaise<\/h4>\n\n\n\n<p class=\"wp-block-paragraph\">Il appartient \u00e0 l\u2019employeur de faire cette d\u00e9marche si le candidat engag\u00e9 travaille pour la premi\u00e8re fois au Portugal. Chaque assur\u00e9 a un num\u00e9ro d\u2019immatriculation unique qu\u2019il conserve toute la vie.<\/p>\n","protected":false},"excerpt":{"rendered":"<p>Le contrat de travail est un type de contrat par lequel une personne s&rsquo;engage \u00e0 effectuer un travail pour un autre moyennant une r\u00e9mun\u00e9ration. En fonction des syst\u00e8mes juridiques, la notion de contrat ne recouvre pas exactement les m\u00eames choses.<\/p>\n","protected":false},"author":1,"featured_media":6363,"comment_status":"closed","ping_status":"open","sticky":false,"template":"","format":"standard","meta":{"neve_meta_sidebar":"","neve_meta_container":"","neve_meta_enable_content_width":"","neve_meta_content_width":0,"neve_meta_title_alignment":"","neve_meta_author_avatar":"","neve_post_elements_order":"","neve_meta_disable_header":"","neve_meta_disable_footer":"","neve_meta_disable_title":"","neve_meta_reading_time":"","_jetpack_newsletter_access":"","_jetpack_dont_email_post_to_subs":false,"_jetpack_newsletter_tier_id":0,"_jetpack_memberships_contains_paywalled_content":false,"_jetpack_feature_clip_id":0,"_jetpack_memberships_contains_paid_content":false,"footnotes":"","jetpack_publicize_message":"Vous venez travailler au #Portugal, connaissez-vous les diff\u00e9rents type de #contratdetravail ainsi que les conditions de travail. ","jetpack_publicize_feature_enabled":true,"jetpack_social_post_already_shared":true,"jetpack_social_options":{"image_generator_settings":{"template":"highway","default_image_id":0,"font":"","enabled":false},"version":2},"jetpack_post_was_ever_published":false},"categories":[1684,3308],"tags":[3352],"class_list":["post-6354","post","type-post","status-publish","format-standard","has-post-thumbnail","hentry","category-fiscalites-des-expatrier-au-portugal","category-economie-du-portugal","tag-contrat-de-travail"],"jetpack_publicize_connections":[],"jetpack_sharing_enabled":true,"jetpack_featured_media_url":"https:\/\/i0.wp.com\/vivreauportugalconsulting.com\/wp-content\/uploads\/2019\/09\/contrat-de-travail-au-portugal.jpg?fit=850%2C410&ssl=1","_links":{"self":[{"href":"https:\/\/vivreauportugalconsulting.com\/fr_fr\/wp-json\/wp\/v2\/posts\/6354","targetHints":{"allow":["GET"]}}],"collection":[{"href":"https:\/\/vivreauportugalconsulting.com\/fr_fr\/wp-json\/wp\/v2\/posts"}],"about":[{"href":"https:\/\/vivreauportugalconsulting.com\/fr_fr\/wp-json\/wp\/v2\/types\/post"}],"author":[{"embeddable":true,"href":"https:\/\/vivreauportugalconsulting.com\/fr_fr\/wp-json\/wp\/v2\/users\/1"}],"replies":[{"embeddable":true,"href":"https:\/\/vivreauportugalconsulting.com\/fr_fr\/wp-json\/wp\/v2\/comments?post=6354"}],"version-history":[{"count":0,"href":"https:\/\/vivreauportugalconsulting.com\/fr_fr\/wp-json\/wp\/v2\/posts\/6354\/revisions"}],"wp:featuredmedia":[{"embeddable":true,"href":"https:\/\/vivreauportugalconsulting.com\/fr_fr\/wp-json\/wp\/v2\/media\/6363"}],"wp:attachment":[{"href":"https:\/\/vivreauportugalconsulting.com\/fr_fr\/wp-json\/wp\/v2\/media?parent=6354"}],"wp:term":[{"taxonomy":"category","embeddable":true,"href":"https:\/\/vivreauportugalconsulting.com\/fr_fr\/wp-json\/wp\/v2\/categories?post=6354"},{"taxonomy":"post_tag","embeddable":true,"href":"https:\/\/vivreauportugalconsulting.com\/fr_fr\/wp-json\/wp\/v2\/tags?post=6354"}],"curies":[{"name":"wp","href":"https:\/\/api.w.org\/{rel}","templated":true}]}}