{"id":6388,"date":"2019-09-25T15:48:21","date_gmt":"2019-09-25T14:48:21","guid":{"rendered":"https:\/\/vivreauportugalconsulting.com\/?p=6388"},"modified":"2019-09-25T15:48:24","modified_gmt":"2019-09-25T14:48:24","slug":"legislative-au-portugal","status":"publish","type":"post","link":"https:\/\/vivreauportugalconsulting.com\/fr_fr\/legislative-au-portugal\/","title":{"rendered":"\u00c9LECTIONS L\u00c9GISLATIVES PORTUGAISES"},"content":{"rendered":"\n<h2 class=\"wp-block-heading\">\u00c9lection l\u00e9gislative au Portugal<\/h2>\n\n\n\n<p>Le 6 octobre prochain, les <a href=\"https:\/\/agencelusofrancaiseimmobilier.com\" target=\"_blank\" rel=\"noreferrer noopener\" aria-label=\"Portugais (opens in a new tab)\">Portugais<\/a> se rendront dans les bureaux de vote pour \u00e9lire les 230 d\u00e9put\u00e9s qui composent l\u2019Assembl\u00e9e nationale portugaise ainsi que le Premier ministre. Pour les quatre ann\u00e9es \u00e0 venir. <\/p>\n\n\n\n<p style=\"text-align:left\">C\u2019est le 29&nbsp;aout que Le Pr\u00e9sident de la R\u00e9publique Marcelo Rebelo de Sousa a annonc\u00e9 le calendrier officiel pour l\u2019\u00e9lection l\u00e9gislative au Portugal. La p\u00e9riode pr\u00e9\u00e9lectorale est d\u2019ores et d\u00e9j\u00e0 ouverte et la publicit\u00e9 faite directement ou indirectement dans les m\u00e9dias hors campagne \u00e9lectorale est d\u00e9sormais interdite conform\u00e9ment \u00e0 l\u2019article&nbsp;72 de la loi \u00e9lectorale de l\u2019assembl\u00e9e de la R\u00e9publique. La campagne a d\u00e9but\u00e9 le 22&nbsp;septembre et se finira le 4&nbsp;octobre.<\/p>\n\n\n\n<h3 class=\"wp-block-heading\">Les diff\u00e9rents partis politiques<\/h3>\n\n\n\n<ul class=\"wp-block-list\"><li>le Parti Social-D\u00e9mocrate est repr\u00e9sent\u00e9 par Rui Rio<\/li><li>le Parti socialiste est conduit par l&rsquo;actuel Premier ministre Ant\u00f3nio Costa<\/li><li>le Bloc de gauche est men\u00e9 par Catarina Martins<\/li><li>le CSD-PP est repr\u00e9sent\u00e9 par Assun\u00e7\u00e3o Cristas<\/li><li>La Coalition D\u00e9mocratique Unitaire, qui allie le parti communiste portugais et le parti \u00e9cologique les Verts est&nbsp; repr\u00e9sent\u00e9e par Jer\u00f3nimo de Sousa<\/li><li>le PAN (personne, animaux, nature) men\u00e9 par Andr\u00e9 Silva<br>&nbsp;<\/li><\/ul>\n\n\n\n<h2 class=\"wp-block-heading\">Les intentions de vote <\/h2>\n\n\n\n<p>Il ne reste plus que quelques semaines avant les \u00e9lections l\u00e9gislative au Portugal, les instituts de sondages ont d\u00e9j\u00e0 publi\u00e9 leurs premiers pronostics. L&rsquo;institut&nbsp;<em>Multidados&nbsp;<\/em>a notamment men\u00e9 une \u00e9tude&nbsp;pour la cha\u00eene de t\u00e9l\u00e9vision priv\u00e9e TVI&nbsp;afin de d\u00e9terminer les intentions de vote des \u00e9lecteurs portugais. Les r\u00e9sultats ont montr\u00e9 que 35,5% des \u00e9lecteurs ont l&rsquo;intention de voter pour le PS, 20,3% pour le PSD, 14,7% pour le BE, et 7,9% pour le PAN.&nbsp;<\/p>\n\n\n\n<p>Un tel score pour le PS signifierait la perte de sa majorit\u00e9 absolue en si\u00e8ge au parlement, tandis que le PAN deviendrait la quatri\u00e8me force politique du pays devant le PCP (5,6%) et le CDS-PP (3,3%). Cependant les scores du BE et du PAN pourraient garantir une majorit\u00e9 et un soutien stable \u00e0 une nouvelle coalition avec le PS. Pr\u00e8s de 30% des \u00e9lecteurs ont d\u00e9clar\u00e9 ne faire confiance \u00e0 aucun parti et 11,5% ont d\u00e9clar\u00e9 n&rsquo;appartenir \u00e0 aucun parti. Il convient de rappeler que l&rsquo;abstention en 2015 \u00e9tait de 44,14%. Vue le taux d&rsquo;abstention pour les europ\u00e9enne, nous pouvons craindre le pire.  <br>\u00a0<\/p>\n\n\n\n<h2 class=\"wp-block-heading\">Crise de la droite et de la gauche existe<\/h2>\n\n\n\n<p>Aux derni\u00e8res \u00e9lections l\u00e9gislatives du 4\u00a0octobre 2015, les partis de droite (PSD\/CDS-PP) avaient obtenu 38,36\u00a0% des voix en comptant les votes de Mad\u00e8re et des A\u00e7ores. Quant au PS, il obtenait lui aussi une majorit\u00e9 \u00e0 l\u2019Assembl\u00e9e nationale en s\u2019alliant \u00e0 des partenaires de gauche\u00a0: le BE, le PCP et le PEV, en mettant en place la fameuse \u00ab\u2009geringon\u00e7a\u2009\u00bb. <\/p>\n\n\n\n<p>Ce m\u00eame sondage met \u00e9galement en \u00e9vidence une aggravation de la crise de la droite, en effet le CDS-PP ne r\u00e9colterait que 3,3%\u00a0 des intentions de vote. M\u00eame si le parti d&rsquo;<a href=\"https:\/\/vivreauportugalconsulting.com\/le-deficit-public-du-portugal\/\"><strong><span style=\"text-decoration: underline;\">Ant\u00f3nio Costa<\/span><\/strong><\/a> n&rsquo;est pas certain de remporter la majorit\u00e9 absolue, les pronostics montrent en tout cas que la gauche devrait remporter ces \u00e9lections. Le Premier ministre devra tout de m\u00eame trouver un moyen de renforcer l&rsquo;influence de son parti au sein du Parlement.<br>\u00a0<\/p>\n","protected":false},"excerpt":{"rendered":"<p>Le 6 octobre prochain, les Portugais se rendront dans les bureaux de vote pour \u00e9lire les 230 d\u00e9put\u00e9s qui composent l\u2019Assembl\u00e9e nationale portugaise ainsi que le Premier ministre.<\/p>\n","protected":false},"author":1,"featured_media":6391,"comment_status":"closed","ping_status":"open","sticky":false,"template":"","format":"standard","meta":{"neve_meta_sidebar":"","neve_meta_container":"","neve_meta_enable_content_width":"","neve_meta_content_width":0,"neve_meta_title_alignment":"","neve_meta_author_avatar":"","neve_post_elements_order":"","neve_meta_disable_header":"","neve_meta_disable_footer":"","neve_meta_disable_title":"","neve_meta_reading_time":"","_jetpack_memberships_contains_paid_content":false,"footnotes":"","jetpack_publicize_message":"Le 6 octobre prochain, les Portugais se rendront dans les bureaux de vote pour \u00e9lire les 230 d\u00e9put\u00e9s qui composent l\u2019Assembl\u00e9e nationale ","jetpack_publicize_feature_enabled":true,"jetpack_social_post_already_shared":true,"jetpack_social_options":{"image_generator_settings":{"template":"highway","default_image_id":0,"font":"","enabled":false},"version":2}},"categories":[3306],"tags":[],"class_list":["post-6388","post","type-post","status-publish","format-standard","has-post-thumbnail","hentry","category-politique-au-portugal"],"jetpack_publicize_connections":[],"jetpack_featured_media_url":"https:\/\/i0.wp.com\/vivreauportugalconsulting.com\/wp-content\/uploads\/2019\/09\/L%C3%A9gislative-au-Portugal.png?fit=709%2C426&ssl=1","jetpack_sharing_enabled":true,"_links":{"self":[{"href":"https:\/\/vivreauportugalconsulting.com\/fr_fr\/wp-json\/wp\/v2\/posts\/6388","targetHints":{"allow":["GET"]}}],"collection":[{"href":"https:\/\/vivreauportugalconsulting.com\/fr_fr\/wp-json\/wp\/v2\/posts"}],"about":[{"href":"https:\/\/vivreauportugalconsulting.com\/fr_fr\/wp-json\/wp\/v2\/types\/post"}],"author":[{"embeddable":true,"href":"https:\/\/vivreauportugalconsulting.com\/fr_fr\/wp-json\/wp\/v2\/users\/1"}],"replies":[{"embeddable":true,"href":"https:\/\/vivreauportugalconsulting.com\/fr_fr\/wp-json\/wp\/v2\/comments?post=6388"}],"version-history":[{"count":0,"href":"https:\/\/vivreauportugalconsulting.com\/fr_fr\/wp-json\/wp\/v2\/posts\/6388\/revisions"}],"wp:featuredmedia":[{"embeddable":true,"href":"https:\/\/vivreauportugalconsulting.com\/fr_fr\/wp-json\/wp\/v2\/media\/6391"}],"wp:attachment":[{"href":"https:\/\/vivreauportugalconsulting.com\/fr_fr\/wp-json\/wp\/v2\/media?parent=6388"}],"wp:term":[{"taxonomy":"category","embeddable":true,"href":"https:\/\/vivreauportugalconsulting.com\/fr_fr\/wp-json\/wp\/v2\/categories?post=6388"},{"taxonomy":"post_tag","embeddable":true,"href":"https:\/\/vivreauportugalconsulting.com\/fr_fr\/wp-json\/wp\/v2\/tags?post=6388"}],"curies":[{"name":"wp","href":"https:\/\/api.w.org\/{rel}","templated":true}]}}