{"id":6628,"date":"2019-11-11T11:47:40","date_gmt":"2019-11-11T11:47:40","guid":{"rendered":"https:\/\/vivreauportugalconsulting.com\/?p=6628"},"modified":"2019-11-11T11:47:41","modified_gmt":"2019-11-11T11:47:41","slug":"reforme-de-la-fiscalite-des-expatries","status":"publish","type":"post","link":"https:\/\/vivreauportugalconsulting.com\/fr_fr\/reforme-de-la-fiscalite-des-expatries\/","title":{"rendered":"R\u00c9FORME DE LA FISCALIT\u00c9 DES EXPATRI\u00c9S, LES CHOSES CHANGENT"},"content":{"rendered":"\n<h2 class=\"wp-block-heading\">R\u00e9forme de la fiscalit\u00e9 des expatri\u00e9s, report\u00e9 de un an<\/h2>\n\n\n\n<p>La r\u00e9forme de la fiscalit\u00e9 des Fran\u00e7ais non r\u00e9sidents qui devait entrer en <strong><a href=\"https:\/\/vivreauportugalconsulting.com\/fiscalite-des-francais-non-residents\/\"><span style=\"text-decoration: underline;\">vigueur en janvier 2020<\/span><\/a><\/strong> est report\u00e9e au 1er\u00a0janvier 2021.<\/p>\n\n\n\n<h3 class=\"wp-block-heading\">Le gouvernement fait marche arri\u00e8re <\/h3>\n\n\n\n<p>Le gouvernement a finalement d\u00e9cid\u00e9 de d\u00e9caler d\u2019un an la r\u00e9forme de la fiscalit\u00e9 des Fran\u00e7ais non r\u00e9sidents. Cette r\u00e9forme cens\u00e9e rapprocher la fiscalit\u00e9 des r\u00e9sidents avec celle des non-r\u00e9sidents, cette r\u00e9forme qui suscite \u00e0 juste titre beaucoup d\u2019inqui\u00e9tudes aupr\u00e8s des Fran\u00e7ais de l\u2019\u00e9tranger.<\/p>\n\n\n\n\n\n<p>Cette d\u00e9cision a \u00e9t\u00e9 adopt\u00e9e le 15\u00a0octobre, par l\u2019interm\u00e9diaire d\u2019un amendement au projet de loi de finances 2020 actuellement examin\u00e9 \u00e0 l\u2019Assembl\u00e9e nationale. Ce d\u00e9calage permettra au Parlement et au gouvernement de pr\u00e9ciser les cons\u00e9quences de la r\u00e9forme sur la diversit\u00e9 des situations des non-r\u00e9sidents, a <strong><a href=\"https:\/\/www.economie.gouv.fr\/presse\/communiques\/gerald-darmanin\" target=\"_blank\" rel=\"noopener\"><span style=\"text-decoration: underline;\">expliqu\u00e9 le\u00a017\u00a0octobre le minist\u00e8re de l\u2019Action et des Comptes publics dans un communiqu\u00e9<\/span><\/a><\/strong>.<\/p>\n\n\n\n<p>Actuellement, certains revenus d\u2019origine fran\u00e7aise des non-r\u00e9sidents (traitements, salaires, pensions) sont soumis \u00e0 une retenue \u00e0 la source d\u00e9rogatoire (avec trois tranches : \u00e0 0&nbsp;%, 12&nbsp;% et 20&nbsp;%). <\/p>\n\n\n\n<p>La r\u00e9forme vot\u00e9e l\u2019an dernier pr\u00e9voyait que ces revenus soient d\u00e9sormais tax\u00e9s \u00e0 20\u00a0% d\u00e8s le premier euro, puis \u00e0 30\u00a0% au-del\u00e0 de 27\u2009520\u00a0euros.<\/p>\n\n\n\n<figure class=\"wp-block-embed-wordpress aligncenter wp-block-embed is-type-wp-embed is-provider-vivre-au-portugal-consulting\"><div class=\"wp-block-embed__wrapper\">\n<span class=\"CqMrxckhdtYZlHDpPkmpNY6Eaj9Q7LVv0RFNrmo7u4DIxAgo02bg8yKXP2niSeCy9GvTdblFJjB1EK6SA8Mf\"><blockquote class=\"wp-embedded-content\" data-secret=\"l4Midt7H9M\"><a href=\"https:\/\/vivreauportugalconsulting.com\/fiscalite-des-francais-non-residents\/\">REFONTE DE LA FISCALIT\u00c9 DES FRAN\u00c7AIS NON R\u00c9SIDENTS<\/a><\/blockquote><iframe title=\"\u00ab\u00a0REFONTE DE LA FISCALIT\u00c9 DES FRAN\u00c7AIS NON R\u00c9SIDENTS\u00a0\u00bb &#8212; Vivre au Portugal Consulting\" class=\"wp-embedded-content\" sandbox=\"allow-scripts\" security=\"restricted\" style=\"position: absolute; clip: rect(1px, 1px, 1px, 1px);\" src=\"https:\/\/vivreauportugalconsulting.com\/fiscalite-des-francais-non-residents\/embed\/#?secret=l4Midt7H9M\" data-secret=\"l4Midt7H9M\" width=\"600\" height=\"338\" frameborder=\"0\" marginwidth=\"0\" marginheight=\"0\" scrolling=\"no\"><\/iframe><\/span>\n<\/div><\/figure>\n","protected":false},"excerpt":{"rendered":"<p>La r\u00e9forme de la fiscalit\u00e9 des Fran\u00e7ais non r\u00e9sidents qui devait entrer en vigueur en janvier 2020 est report\u00e9e au 1er janvier 2021.<\/p>\n","protected":false},"author":1,"featured_media":2587,"comment_status":"closed","ping_status":"open","sticky":false,"template":"","format":"standard","meta":{"neve_meta_sidebar":"","neve_meta_container":"","neve_meta_enable_content_width":"","neve_meta_content_width":0,"neve_meta_title_alignment":"","neve_meta_author_avatar":"","neve_post_elements_order":"","neve_meta_disable_header":"","neve_meta_disable_footer":"","neve_meta_disable_title":"","neve_meta_reading_time":"","_jetpack_memberships_contains_paid_content":false,"footnotes":"","jetpack_publicize_message":"R\u00e9forme de la fiscalit\u00e9 des expatri\u00e9s, le gouvernement fait marche arri\u00e8re.\n\n#expatriationportugal #retraiteauportugal\n","jetpack_publicize_feature_enabled":true,"jetpack_social_post_already_shared":true,"jetpack_social_options":{"image_generator_settings":{"template":"highway","default_image_id":0,"font":"","enabled":false},"version":2}},"categories":[1],"tags":[],"class_list":["post-6628","post","type-post","status-publish","format-standard","has-post-thumbnail","hentry","category-fiscalite-des-francais-au-portugal"],"jetpack_publicize_connections":[],"jetpack_featured_media_url":"https:\/\/i0.wp.com\/vivreauportugalconsulting.com\/wp-content\/uploads\/2018\/03\/clavier-fiscalite-24x11.jpg?fit=2400%2C1100&ssl=1","jetpack_sharing_enabled":true,"_links":{"self":[{"href":"https:\/\/vivreauportugalconsulting.com\/fr_fr\/wp-json\/wp\/v2\/posts\/6628","targetHints":{"allow":["GET"]}}],"collection":[{"href":"https:\/\/vivreauportugalconsulting.com\/fr_fr\/wp-json\/wp\/v2\/posts"}],"about":[{"href":"https:\/\/vivreauportugalconsulting.com\/fr_fr\/wp-json\/wp\/v2\/types\/post"}],"author":[{"embeddable":true,"href":"https:\/\/vivreauportugalconsulting.com\/fr_fr\/wp-json\/wp\/v2\/users\/1"}],"replies":[{"embeddable":true,"href":"https:\/\/vivreauportugalconsulting.com\/fr_fr\/wp-json\/wp\/v2\/comments?post=6628"}],"version-history":[{"count":0,"href":"https:\/\/vivreauportugalconsulting.com\/fr_fr\/wp-json\/wp\/v2\/posts\/6628\/revisions"}],"wp:featuredmedia":[{"embeddable":true,"href":"https:\/\/vivreauportugalconsulting.com\/fr_fr\/wp-json\/wp\/v2\/media\/2587"}],"wp:attachment":[{"href":"https:\/\/vivreauportugalconsulting.com\/fr_fr\/wp-json\/wp\/v2\/media?parent=6628"}],"wp:term":[{"taxonomy":"category","embeddable":true,"href":"https:\/\/vivreauportugalconsulting.com\/fr_fr\/wp-json\/wp\/v2\/categories?post=6628"},{"taxonomy":"post_tag","embeddable":true,"href":"https:\/\/vivreauportugalconsulting.com\/fr_fr\/wp-json\/wp\/v2\/tags?post=6628"}],"curies":[{"name":"wp","href":"https:\/\/api.w.org\/{rel}","templated":true}]}}