{"id":7454,"date":"2020-06-12T16:25:26","date_gmt":"2020-06-12T15:25:26","guid":{"rendered":"https:\/\/vivreauportugalconsulting.com\/?p=7454"},"modified":"2022-08-26T14:44:23","modified_gmt":"2022-08-26T13:44:23","slug":"immatriculer-votre-voiture-au-portugal-2020","status":"publish","type":"post","link":"https:\/\/vivreauportugalconsulting.com\/fr_fr\/immatriculer-votre-voiture-au-portugal-2020\/","title":{"rendered":"Immatriculer votre voiture au Portugal les r\u00e8gles 2020"},"content":{"rendered":"\n<p class=\"wp-block-paragraph\">En tant que ressortissant de l\u2019UE qui s\u2019installe fiscalement au Portugal, vous devez faire immatriculer votre voiture au Portugal du moment que vous \u00eates titulaire du certificat d\u2019immatriculation, propri\u00e9taire du v\u00e9hicule ou utilisateur d\u2019un v\u00e9hicule que vous ne poss\u00e9dez pas (par exemple, un membre de la famille). Vous avez un d\u00e9lai de 20 jours ouvrables pour proc\u00e9der \u00e0 l\u2019enregistrer de votre voiture au Portugal.<\/p>\n\n\n\n<h2 class=\"wp-block-heading\">Immatriculer votre voiture au Portugal et payer l&rsquo;ISV<\/h2>\n\n\n\n<p class=\"wp-block-paragraph\">Vous disposez de 12 mois \u00e0 compter de la date de <a href=\"https:\/\/vivreauportugalconsulting.com\/produit\/retraite-au-portugal-guide\/\">transfert de r\u00e9sidence<\/a> au Portugal pour demander une exon\u00e9ration du paiement de la taxe sur les v\u00e9hicules (ISV). Pour obtenir les d\u00e9marches \u00e0 suivre pour proc\u00e9der \u00e0 l\u2019immatriculation d\u2019un v\u00e9hicule pr\u00e9c\u00e9demment immatricul\u00e9 dans un autre pays de l\u2019UE, rendez-vous sur <a href=\"https:\/\/sitfiscal.portaldasfinancas.gov.pt\/geral\/home?areaDestino=AD\" target=\"_blank\" rel=\"noopener\">Portal das Finan\u00e7as &#8211; Servi\u00e7os Aduaneiros<\/a>.<\/p>\n\n\n\n<h3 class=\"wp-block-heading\">Plaques d\u2019immatriculation temporaires<\/h3>\n\n\n\n<p class=\"wp-block-paragraph\">Une fois la d\u00e9claration de DAV r\u00e9alis\u00e9, les douanes vous d\u00e9livreront une <strong>Guia<\/strong> (carte grise provisoire) Vous permettant de circuler avec votre v\u00e9hicule pendant 90 jours \u00e0 condition qu\u2019elle ne soit <strong>conduite que par vous, le propri\u00e9taire du v\u00e9hicule<\/strong>.<\/p>\n\n\n\n<h3 class=\"wp-block-heading\">Retrait\u00e9s, propri\u00e9taires d\u2019une r\u00e9sidence secondaire au Portugal<\/h3>\n\n\n\n<p class=\"wp-block-paragraph\">En tant que ressortissants de l\u2019UE ayant une r\u00e9sidence secondaire au Portugal , vous devez enregistrer vos v\u00e9hicules aupr\u00e8s des douanes, si le v\u00e9hicule reste en importation temporaire pendant une p\u00e9riode, continue ou non, de plus de six mois sur 12 mois.<\/p>\n\n\n\n<p class=\"wp-block-paragraph\">Les v\u00e9hicules appartenant \u00e0 un particulier, qui a transf\u00e9r\u00e9 sa r\u00e9sidence au Portugal, peuvent \u00eatre exon\u00e9r\u00e9s de la taxe sur les v\u00e9hicules (ISV) s\u2019ils r\u00e9pondent aux crit\u00e8res suivants:<\/p>\n\n\n\n<ul class=\"wp-block-list\"><li>Les personnes de plus de 18 ans r\u00e9sidant dans le pays d\u2019o\u00f9 le transfert de r\u00e9sidence est effectu\u00e9 pour une p\u00e9riode minimale de 6 mois cons\u00e9cutifs ou non<\/li><li>Les personnes qui ont pay\u00e9 la taxe sur les v\u00e9hicules dans le pays de votre ancienne r\u00e9sidence et n\u2019ont b\u00e9n\u00e9fici\u00e9 d\u2019aucun type de r\u00e9gime de remboursement \u00e0 leur d\u00e9part<\/li><li>Vous \u00eates propri\u00e9taire de votre v\u00e9hicule depuis plus de 6 mois avant le transfert au Portugal.<\/li><\/ul>\n\n\n\n<h3 class=\"wp-block-heading\">Les taxes <\/h3>\n\n\n\n<p class=\"wp-block-paragraph\">En tant que ressortissant de l\u2019UE, si vous souhaitez immatriculer votre voiture au Portugal, vous devez payer:<\/p>\n\n\n\n<ul class=\"wp-block-list\"><li>Taxes d\u2019immatriculation : <a href=\"http:\/\/info-aduaneiro.portaldasfinancas.gov.pt\/pt\/informacao_aduaneira\/Veiculos\/regularizacao\/Pages\/faq-isv-reg-descricao.aspx\" target=\"_blank\" rel=\"noopener\">Imposto Sobre Ve\u00edculos<\/a> (ISV)<\/li><li>taxe de circulation : <a href=\"http:\/\/info.portaldasfinancas.gov.pt\/pt\/apoio_contribuinte\/questoes_frequentes\/Pages\/faqs-00036.aspx\" target=\"_blank\" rel=\"noopener\">Imposto \u00danico de Circula\u00e7\u00e3o<\/a> (IUC)<br><\/li><\/ul>\n\n\n\n<p class=\"wp-block-paragraph\">Les cat\u00e9gories de v\u00e9hicules suivantes sont exon\u00e9r\u00e9es de la taxe sur les v\u00e9hicules (ISV) mais doivent \u00eatre immatricul\u00e9es au Portugal:<\/p>\n\n\n\n<ul class=\"wp-block-list\"><li>les v\u00e9hicules dont le propri\u00e9taire a transf\u00e9r\u00e9 sa r\u00e9sidence d\u2019un autre pays de l\u2019UE ou d\u2019un pays tiers au Portugal<\/li><li>Les v\u00e9hicules rapport\u00e9s par des diplomates qui rentrent au Portugal<\/li><li>Les v\u00e9hicules appartenant \u00e0 des employ\u00e9s et agents de l\u2019UE<\/li><li>Les v\u00e9hicules achet\u00e9s par la mairie pour le transport des \u00e9coliers<\/li><li>Les v\u00e9hicules achet\u00e9s par des personnes handicap\u00e9es.<\/li><\/ul>\n","protected":false},"excerpt":{"rendered":"<p>En tant que ressortissant de l\u2019UE qui s\u2019installe fiscalement au Portugal, vous devez faire immatriculer votre voiture au Portugal du moment que vous \u00eates titulaire du certificat d\u2019immatriculation, propri\u00e9taire du v\u00e9hicule ou utilisateur d\u2019un v\u00e9hicule que vous ne poss\u00e9dez pas (par exemple, un membre de la famille)<\/p>\n","protected":false},"author":1,"featured_media":5397,"comment_status":"closed","ping_status":"open","sticky":false,"template":"","format":"standard","meta":{"neve_meta_sidebar":"","neve_meta_container":"","neve_meta_enable_content_width":"off","neve_meta_content_width":0,"neve_meta_title_alignment":"","neve_meta_author_avatar":"","neve_post_elements_order":"","neve_meta_disable_header":"","neve_meta_disable_footer":"","neve_meta_disable_title":"","neve_meta_reading_time":"","_jetpack_newsletter_access":"","_jetpack_dont_email_post_to_subs":false,"_jetpack_newsletter_tier_id":0,"_jetpack_memberships_contains_paywalled_content":false,"_jetpack_feature_clip_id":0,"_jetpack_memberships_contains_paid_content":false,"footnotes":"","jetpack_publicize_message":"Immatriculer votre voiture au Portugal les r\u00e8gles change en 2020","jetpack_publicize_feature_enabled":true,"jetpack_social_post_already_shared":true,"jetpack_social_options":{"image_generator_settings":{"template":"highway","default_image_id":0,"font":"","enabled":false},"version":2},"jetpack_post_was_ever_published":false},"categories":[1684,3307],"tags":[3424],"class_list":["post-7454","post","type-post","status-publish","format-standard","has-post-thumbnail","hentry","category-fiscalites-des-expatrier-au-portugal","category-consommation-au-portugal","tag-isv"],"jetpack_publicize_connections":[],"jetpack_sharing_enabled":true,"jetpack_featured_media_url":"https:\/\/i0.wp.com\/vivreauportugalconsulting.com\/wp-content\/uploads\/2019\/05\/immatriculer-sa-voiture-au-portugal.jpg?fit=680%2C350&ssl=1","_links":{"self":[{"href":"https:\/\/vivreauportugalconsulting.com\/fr_fr\/wp-json\/wp\/v2\/posts\/7454","targetHints":{"allow":["GET"]}}],"collection":[{"href":"https:\/\/vivreauportugalconsulting.com\/fr_fr\/wp-json\/wp\/v2\/posts"}],"about":[{"href":"https:\/\/vivreauportugalconsulting.com\/fr_fr\/wp-json\/wp\/v2\/types\/post"}],"author":[{"embeddable":true,"href":"https:\/\/vivreauportugalconsulting.com\/fr_fr\/wp-json\/wp\/v2\/users\/1"}],"replies":[{"embeddable":true,"href":"https:\/\/vivreauportugalconsulting.com\/fr_fr\/wp-json\/wp\/v2\/comments?post=7454"}],"version-history":[{"count":0,"href":"https:\/\/vivreauportugalconsulting.com\/fr_fr\/wp-json\/wp\/v2\/posts\/7454\/revisions"}],"wp:featuredmedia":[{"embeddable":true,"href":"https:\/\/vivreauportugalconsulting.com\/fr_fr\/wp-json\/wp\/v2\/media\/5397"}],"wp:attachment":[{"href":"https:\/\/vivreauportugalconsulting.com\/fr_fr\/wp-json\/wp\/v2\/media?parent=7454"}],"wp:term":[{"taxonomy":"category","embeddable":true,"href":"https:\/\/vivreauportugalconsulting.com\/fr_fr\/wp-json\/wp\/v2\/categories?post=7454"},{"taxonomy":"post_tag","embeddable":true,"href":"https:\/\/vivreauportugalconsulting.com\/fr_fr\/wp-json\/wp\/v2\/tags?post=7454"}],"curies":[{"name":"wp","href":"https:\/\/api.w.org\/{rel}","templated":true}]}}