{"id":7573,"date":"2020-09-25T16:56:35","date_gmt":"2020-09-25T15:56:35","guid":{"rendered":"https:\/\/vivreauportugalconsulting.com\/?p=7573"},"modified":"2023-04-13T09:19:42","modified_gmt":"2023-04-13T08:19:42","slug":"inscrire-a-la-securite-sociale-portugaise","status":"publish","type":"post","link":"https:\/\/vivreauportugalconsulting.com\/fr_fr\/inscrire-a-la-securite-sociale-portugaise\/","title":{"rendered":"S\u2019inscrire \u00e0 la s\u00e9curit\u00e9 sociale portugaise"},"content":{"rendered":"\n<p class=\"wp-block-paragraph\">L\u2019une des priorit\u00e9s lors de votre installation au <a class=\"rank-math-link\" href=\"https:\/\/vivreauportugalconsulting.com\/\">Portugal au sens fiscal<\/a>, est de vous inscrire \u00e0 la s\u00e9curit\u00e9 sociale portugaise. Cette op\u00e9ration doit \u00eatre effectu\u00e9e que vous soyez retrait\u00e9 ou actif. <\/p>\n\n\n\n<div class=\"wp-block-buttons is-layout-flex wp-block-buttons-is-layout-flex\"><\/div>\n\n\n\n<p class=\"wp-block-paragraph\">Petite pr\u00e9cision tout de m\u00eame, si vous \u00eates embauch\u00e9 en CDI ou CDD par une entreprise portugaise, l\u2019inscription aupr\u00e8s de la s\u00e9curit\u00e9 sociale doit \u00eatre effectu\u00e9e par votre employeur, dans le cas contraire nous vous expliquons la marche \u00e0 suivre et mettons \u00e0 votre disposition les documents \u00e0 compl\u00e9ter.  <\/p>\n\n\n\n<h2 class=\"wp-block-heading\">Comment s\u2019inscrire \u00e0 la s\u00e9curit\u00e9 sociale portugaise <\/h2>\n\n\n\n<p class=\"wp-block-paragraph\">Avant de vous inscrire dans votre centre de sant\u00e9, il est obligatoire de vous inscrire aupr\u00e8s de la s\u00e9curit\u00e9 sociale portugaise. Depuis le d\u00e9but de la pand\u00e9mie li\u00e9 au Covid-19, la s\u00e9curit\u00e9 sociale n\u2019est plus ouverte au public, vous devez obligatoirement prendre un rendez-vous. La prise de rendez-vous se fait par email \u00e0 l\u2019adresse suivante: <\/p>\n\n\n\n<ul class=\"wp-block-list\">\n<li>Zone de Porto: CDSSPorto@seg-social.pt<\/li>\n<\/ul>\n\n\n\n<p class=\"wp-block-paragraph\">Dans votre email, vous devrez indiquer l\u2019adresse du centre de s\u00e9curit\u00e9 sociale ou vous souhaitez vous rendre, votre num\u00e9ro de contribuable, votre adresse fiscale au Portugal et bien entendu votre nom et pr\u00e9nom. <strong>Attention votre email doit \u00eatre r\u00e9dig\u00e9 obligatoirement en portugais<\/strong>. <\/p>\n\n\n\n<p class=\"wp-block-paragraph\">Vous recevrez une r\u00e9ponse sous 48\/72H, une heure de rendez-vous vous sera communiqu\u00e9e avec un num\u00e9ro d\u2019enregistrement, aucun retard ne sera accept\u00e9, ce qui veut dire que si vous ne pouvez pas honorer le rendez-vous vous devrez recommander l\u2019op\u00e9ration d\u00e9crite plus haut.<\/p>\n\n\n\n<h3 class=\"wp-block-heading\">Les documents \u00e0 pr\u00e9senter<\/h3>\n\n\n\n<p class=\"wp-block-paragraph\">Le jour du rendez-vous, vous devrez vous munir, des documents ci-dessous: <\/p>\n\n\n\n<ul class=\"wp-block-list\">\n<li>Num\u00e9ro de contribuable <\/li>\n\n\n\n<li>Certificat S1\/E121 (si vous \u00eates retrait\u00e9) <\/li>\n\n\n\n<li>Contrat de travail ou statut de votre entreprise (pour les actifs) <\/li>\n\n\n\n<li>Attestation de r\u00e9sident europ\u00e9en<\/li>\n\n\n\n<li>Votre pi\u00e8ce d\u2019identit\u00e9 <\/li>\n\n\n\n<li>Formul\u00e1rio RV 1017 \u2013 DGSS devidamente preenchido e assinado<\/li>\n\n\n\n<li>Formul\u00e1rio RV 1006 \u2013 Devidamente preenchido e assinado<\/li>\n\n\n\n<li>Formul\u00e1rio RV 1009 &#8211; Si vous \u00eates salari\u00e9 <br><\/li>\n<\/ul>\n\n\n\n<p class=\"wp-block-paragraph\">Concernant le formulaire E121\/S1 vous devez en faire la demande directement depuis votre portail <a href=\"https:\/\/www.ameli.fr\/rhone\" target=\"_blank\" aria-label=\"ameli.fr (opens in a new tab)\" rel=\"noreferrer noopener\" class=\"rank-math-link\">ameli.fr<\/a> au minimum deux mois avant votre d\u00e9part de France. Sans ce formulaire la s\u00e9curit\u00e9 sociale portugaise ne pourra pas rattacher vos droits.  <\/p>\n\n\n\n<p class=\"wp-block-paragraph\">Lors de votre rendez-vous, la s\u00e9curit\u00e9 sociale enregistrera tous les documents communiqu\u00e9s et vous d\u00e9livrera dans un second temps votre num\u00e9ro de s\u00e9curit\u00e9 sociale. Une fois en possession de votre num\u00e9ro vous pourrez vous inscrire aupr\u00e8s de votre centre de sant\u00e9. <\/p>\n\n\n\n<hr class=\"wp-block-separator has-text-color has-neve-link-hover-color-color has-css-opacity has-neve-link-hover-color-background-color has-background is-style-wide\"\/>\n","protected":false},"excerpt":{"rendered":"<p>L\u2019une des priorit\u00e9s lors de votre installation au Portugal au sens fiscal, est de vous inscrire \u00e0 la s\u00e9curit\u00e9 sociale portugaise. Cette op\u00e9ration doit \u00eatre effectu\u00e9e que vous soyez retrait\u00e9 ou actif.<\/p>\n","protected":false},"author":1,"featured_media":7581,"comment_status":"closed","ping_status":"open","sticky":false,"template":"","format":"standard","meta":{"neve_meta_sidebar":"","neve_meta_container":"","neve_meta_enable_content_width":"","neve_meta_content_width":0,"neve_meta_title_alignment":"","neve_meta_author_avatar":"","neve_post_elements_order":"","neve_meta_disable_header":"","neve_meta_disable_footer":"","neve_meta_disable_title":"","neve_meta_reading_time":"","_jetpack_newsletter_access":"","_jetpack_dont_email_post_to_subs":false,"_jetpack_newsletter_tier_id":0,"_jetpack_memberships_contains_paywalled_content":false,"_jetpack_feature_clip_id":0,"_jetpack_memberships_contains_paid_content":false,"footnotes":"","jetpack_publicize_message":"S\u2019inscrire \u00e0 la s\u00e9curit\u00e9 sociale portugaise, une \u00e9tape important dans votre expatriation ","jetpack_publicize_feature_enabled":true,"jetpack_social_post_already_shared":true,"jetpack_social_options":{"image_generator_settings":{"template":"highway","default_image_id":0,"font":"","enabled":false},"version":2},"jetpack_post_was_ever_published":false},"categories":[1684],"tags":[3327,3363],"class_list":["post-7573","post","type-post","status-publish","format-standard","has-post-thumbnail","hentry","category-fiscalites-des-expatrier-au-portugal","tag-administration","tag-securite-sociale"],"jetpack_publicize_connections":[],"jetpack_sharing_enabled":true,"jetpack_featured_media_url":"https:\/\/i0.wp.com\/vivreauportugalconsulting.com\/wp-content\/uploads\/2020\/09\/Inscrire-a-la-securite-sociale-portugaise-1.jpg?fit=1270%2C720&ssl=1","_links":{"self":[{"href":"https:\/\/vivreauportugalconsulting.com\/fr_fr\/wp-json\/wp\/v2\/posts\/7573","targetHints":{"allow":["GET"]}}],"collection":[{"href":"https:\/\/vivreauportugalconsulting.com\/fr_fr\/wp-json\/wp\/v2\/posts"}],"about":[{"href":"https:\/\/vivreauportugalconsulting.com\/fr_fr\/wp-json\/wp\/v2\/types\/post"}],"author":[{"embeddable":true,"href":"https:\/\/vivreauportugalconsulting.com\/fr_fr\/wp-json\/wp\/v2\/users\/1"}],"replies":[{"embeddable":true,"href":"https:\/\/vivreauportugalconsulting.com\/fr_fr\/wp-json\/wp\/v2\/comments?post=7573"}],"version-history":[{"count":0,"href":"https:\/\/vivreauportugalconsulting.com\/fr_fr\/wp-json\/wp\/v2\/posts\/7573\/revisions"}],"wp:featuredmedia":[{"embeddable":true,"href":"https:\/\/vivreauportugalconsulting.com\/fr_fr\/wp-json\/wp\/v2\/media\/7581"}],"wp:attachment":[{"href":"https:\/\/vivreauportugalconsulting.com\/fr_fr\/wp-json\/wp\/v2\/media?parent=7573"}],"wp:term":[{"taxonomy":"category","embeddable":true,"href":"https:\/\/vivreauportugalconsulting.com\/fr_fr\/wp-json\/wp\/v2\/categories?post=7573"},{"taxonomy":"post_tag","embeddable":true,"href":"https:\/\/vivreauportugalconsulting.com\/fr_fr\/wp-json\/wp\/v2\/tags?post=7573"}],"curies":[{"name":"wp","href":"https:\/\/api.w.org\/{rel}","templated":true}]}}