{"id":8351,"date":"2021-09-08T09:41:27","date_gmt":"2021-09-08T08:41:27","guid":{"rendered":"https:\/\/vivreauportugalconsulting.com\/?p=8351"},"modified":"2021-09-08T09:41:29","modified_gmt":"2021-09-08T08:41:29","slug":"croissance-au-portugal-en-hausse","status":"publish","type":"post","link":"https:\/\/vivreauportugalconsulting.com\/fr_fr\/croissance-au-portugal-en-hausse\/","title":{"rendered":"Une croissance au Portugal en hausse de 5% en 2021"},"content":{"rendered":"\n<p>Le ministre d&rsquo;\u00c9tat, de l&rsquo;\u00c9conomie et de la Transition num\u00e9rique a indiqu\u00e9 que la croissance au Portugal pourrait conna\u00eetre une hausse de 5% d&rsquo;ici la fin de l&rsquo;ann\u00e9e, apr\u00e8s les bons r\u00e9sultats du troisi\u00e8me trimestre.<\/p>\n\n\n\n<h2 class=\"wp-block-heading\">Une croissance au Portugal en hausse de 5% en 2021<\/h2>\n\n\n\n<p>\u00ab\u00a0Je pense que la croissance \u00e9conomique sera plus proche de 5 % que de 4 %\u00a0\u00bb, a d\u00e9clar\u00e9 Pedro Siza Vieira dans une interview sur l&rsquo;\u00e9mission <a href=\"https:\/\/www.rtp.pt\/play\/p8240\/tudo-e-economia\" target=\"_blank\" rel=\"noreferrer noopener\">Tudo \u00e9 Economia<\/a> de RTP3 mardi soir.<\/p>\n\n\n\n<p>Les r\u00e9sultats du troisi\u00e8me trimestre se sont d\u00e9roul\u00e9s comme pr\u00e9vu, \u00ab\u00a0bien que juillet n&rsquo;ait pas connu une croissance aussi rigoureuse, en raison de la situation pand\u00e9mique qui s&rsquo;est produite\u00a0\u00bb, a-t-il estim\u00e9. Par contre le mois d\u2019ao\u00fbt a d\u00e9pass\u00e9 toutes les attentes dans pratiquement tous les secteurs d\u2019activit\u00e9, dans le commerce, la restauration et l\u2019h\u00f4tellerie. <\/p>\n\n\n\n<p>Pour Pedro Siza Vieira, le rythme de la croissance \u00e9conomique r\u00e9pond aux attentes du gouvernement et peut-\u00eatre m\u00eame les d\u00e9passe.<\/p>\n\n\n\n<p>\u00ab Nous sommes convaincus que, du point de vue de la croissance \u00e9conomique au cours de l&rsquo;ann\u00e9e, nous d\u00e9passerons ce qui \u00e9tait les pr\u00e9visions.  L&rsquo;\u00e9conomie se comporte non seulement mieux que les projections, mais aussi mieux que la plupart des observateurs estim\u00e9s il y a quelques mois\u00a0\u00bb, a-t-il d\u00e9clar\u00e9.<\/p>\n\n\n\n<p>Le ministre a rappel\u00e9 qu&rsquo;il y avait \u00ab\u00a0une reprise tr\u00e8s stricte de l&rsquo;\u00e9conomie\u00a0\u00bb, car la demande se redresse tr\u00e8s rapidement, tandis que les restrictions sanitaires sont lev\u00e9es en raison de la pand\u00e9mie.<\/p>\n\n\n\n<div class=\"wp-block-image\"><figure class=\"aligncenter size-large is-resized\"><a href=\"https:\/\/vivreauportugalconsulting.com\/produit\/retraite-au-portugal-le-guide-2022\/\"><img data-recalc-dims=\"1\" fetchpriority=\"high\" decoding=\"async\" src=\"https:\/\/i0.wp.com\/vivreauportugalconsulting.com\/wp-content\/uploads\/2021\/09\/COUV-2022.jpg?resize=321%2C512&#038;ssl=1\" alt=\"croissance au Portugal\" class=\"wp-image-8354\" width=\"321\" height=\"512\" srcset=\"https:\/\/i0.wp.com\/vivreauportugalconsulting.com\/wp-content\/uploads\/2021\/09\/COUV-2022.jpg?resize=642%2C1024&amp;ssl=1 642w, https:\/\/i0.wp.com\/vivreauportugalconsulting.com\/wp-content\/uploads\/2021\/09\/COUV-2022.jpg?resize=238%2C380&amp;ssl=1 238w, https:\/\/i0.wp.com\/vivreauportugalconsulting.com\/wp-content\/uploads\/2021\/09\/COUV-2022.jpg?resize=963%2C1536&amp;ssl=1 963w, https:\/\/i0.wp.com\/vivreauportugalconsulting.com\/wp-content\/uploads\/2021\/09\/COUV-2022.jpg?resize=1283%2C2048&amp;ssl=1 1283w, https:\/\/i0.wp.com\/vivreauportugalconsulting.com\/wp-content\/uploads\/2021\/09\/COUV-2022.jpg?resize=275%2C439&amp;ssl=1 275w, https:\/\/i0.wp.com\/vivreauportugalconsulting.com\/wp-content\/uploads\/2021\/09\/COUV-2022.jpg?w=1410&amp;ssl=1 1410w\" sizes=\"(max-width: 321px) 100vw, 321px\" \/><\/a><\/figure><\/div>\n\n\n\n<div class=\"wp-block-buttons is-layout-flex wp-block-buttons-is-layout-flex\"><\/div>\n\n\n\n<p>La semaine derni\u00e8re, le ministre des Finances Jo\u00e3o Le\u00e3o a d\u00e9clar\u00e9 que la crise pand\u00e9mique avait jusqu&rsquo;\u00e0 pr\u00e9sent eu un impact de 30 milliards d&rsquo;euros sur la dette publique portugaise, ajoutant qu&rsquo;elle pourrait atteindre 40 milliards d&rsquo;euros d&rsquo;ici l&rsquo;ann\u00e9e prochaine. Toujours selon le ministre des Finances, le secteur priv\u00e9 a \u00e9galement vu sa dette augmenter d&rsquo;environ cinq milliards d&rsquo;euros l&rsquo;ann\u00e9e derni\u00e8re.<\/p>\n\n\n\n<p>Dans une interview sur la RTP3, le pr\u00e9sident a expliqu\u00e9 que \u00ab\u00a0la crise a eu un impact tr\u00e8s important sur la dette\u00a0\u00bb, en particulier sur la dette de l&rsquo;\u00c9tat, estimant que le montant atteindra \u00ab\u00a0environ 35 milliards \u00e0 40 milliards d&rsquo;euros\u00a0\u00bb d&rsquo;ici 2022. Jo\u00e3o Le\u00e3o a soulign\u00e9 qu&rsquo;en 2020, la dette publique a atteint 133 %, ce qui, a-t-il estim\u00e9, \u00ab\u00a0\u00e9tait une dette tr\u00e8s \u00e9lev\u00e9e\u00a0\u00bb pour le Portugal.<\/p>\n\n\n\n<p>Selon le pr\u00e9sident de la R\u00e9publique, la trajectoire de r\u00e9duction de la dette \u00ab\u00a0sera bas\u00e9e sur la forte reprise \u00e9conomique\u00a0\u00bb et en m\u00eame temps, \u00ab\u00a0essentielle dans le contexte d&rsquo;un endettement tr\u00e8s \u00e9lev\u00e9 pour donner confiance \u00e0 la stabilit\u00e9 et \u00e0 la cr\u00e9dibilit\u00e9 financi\u00e8re dont le pays a besoin\u00a0\u00bb.<\/p>\n\n\n\n<p>\u00ab\u00a0Ce qui est crucial, c&rsquo;est de pr\u00e9senter la dette sur une trajectoire de production en raison de la forte croissance de l&rsquo;\u00e9conomie. Cette trajectoire nous donnera \u00e0 tous la capacit\u00e9 de regarder vers l&rsquo;avenir avec optimisme, de ne pas regarder vers l&rsquo;avenir avec incertitude et nuages noirs\u00a0\u00bb, a-t-il affirm\u00e9.<\/p>\n\n\n\n<p>Le <a href=\"https:\/\/vivreauportugalconsulting.com\/rendez-vous-dans-les-services-publics-au-portugal\/\" data-type=\"post\" data-id=\"8327\">Portugal<\/a> a \u00e9t\u00e9 au deuxi\u00e8me trimestre le pays qui a connu la croissance la plus rapide de toute l&rsquo;Europe, le 15,5 %. C&rsquo;est le trimestre dans lequel il a le plus connu la croissance depuis la s\u00e9rie historique. Il s&rsquo;agit d&rsquo;une croissance remarquable du PIB en termes d&rsquo;ann\u00e9e et montre qu&rsquo;elle est confirm\u00e9e pour le troisi\u00e8me trimestre avec des indicateurs tr\u00e8s positifs qui existent. Avec des indicateurs \u00e9conomiques, \u00e0 savoir l&rsquo;\u00e9volution des ventes au d\u00e9tail, des paiements aux guichets automatiques. Cela montre qu&rsquo;il y a d\u00e9j\u00e0 une grande reprise dans le pays.<\/p>\n","protected":false},"excerpt":{"rendered":"<p>Le ministre d&rsquo;\u00c9tat, de l&rsquo;\u00c9conomie et de la Transition num\u00e9rique a indiqu\u00e9 que le Portugal pourrait conna\u00eetre une croissance \u00e9conomique de 5% d&rsquo;ici la fin de l&rsquo;ann\u00e9e, apr\u00e8s les bons r\u00e9sultats du troisi\u00e8me trimestre.<\/p>\n","protected":false},"author":1,"featured_media":7712,"comment_status":"closed","ping_status":"open","sticky":false,"template":"","format":"standard","meta":{"neve_meta_sidebar":"","neve_meta_container":"","neve_meta_enable_content_width":"","neve_meta_content_width":0,"neve_meta_title_alignment":"","neve_meta_author_avatar":"","neve_post_elements_order":"","neve_meta_disable_header":"","neve_meta_disable_footer":"","neve_meta_disable_title":"","neve_meta_reading_time":"","_jetpack_memberships_contains_paid_content":false,"footnotes":"","jetpack_publicize_message":"Le Portugal attend une hausse de la croissance d'environ 5% en 2021","jetpack_publicize_feature_enabled":true,"jetpack_social_post_already_shared":true,"jetpack_social_options":{"image_generator_settings":{"template":"highway","default_image_id":0,"font":"","enabled":false},"version":2}},"categories":[3308],"tags":[],"class_list":["post-8351","post","type-post","status-publish","format-standard","has-post-thumbnail","hentry","category-economie-du-portugal"],"jetpack_publicize_connections":[],"jetpack_featured_media_url":"https:\/\/i0.wp.com\/vivreauportugalconsulting.com\/wp-content\/uploads\/2020\/12\/naom_5efe3184ac76b.jpg?fit=1920%2C1080&ssl=1","jetpack_sharing_enabled":true,"_links":{"self":[{"href":"https:\/\/vivreauportugalconsulting.com\/fr_fr\/wp-json\/wp\/v2\/posts\/8351","targetHints":{"allow":["GET"]}}],"collection":[{"href":"https:\/\/vivreauportugalconsulting.com\/fr_fr\/wp-json\/wp\/v2\/posts"}],"about":[{"href":"https:\/\/vivreauportugalconsulting.com\/fr_fr\/wp-json\/wp\/v2\/types\/post"}],"author":[{"embeddable":true,"href":"https:\/\/vivreauportugalconsulting.com\/fr_fr\/wp-json\/wp\/v2\/users\/1"}],"replies":[{"embeddable":true,"href":"https:\/\/vivreauportugalconsulting.com\/fr_fr\/wp-json\/wp\/v2\/comments?post=8351"}],"version-history":[{"count":0,"href":"https:\/\/vivreauportugalconsulting.com\/fr_fr\/wp-json\/wp\/v2\/posts\/8351\/revisions"}],"wp:featuredmedia":[{"embeddable":true,"href":"https:\/\/vivreauportugalconsulting.com\/fr_fr\/wp-json\/wp\/v2\/media\/7712"}],"wp:attachment":[{"href":"https:\/\/vivreauportugalconsulting.com\/fr_fr\/wp-json\/wp\/v2\/media?parent=8351"}],"wp:term":[{"taxonomy":"category","embeddable":true,"href":"https:\/\/vivreauportugalconsulting.com\/fr_fr\/wp-json\/wp\/v2\/categories?post=8351"},{"taxonomy":"post_tag","embeddable":true,"href":"https:\/\/vivreauportugalconsulting.com\/fr_fr\/wp-json\/wp\/v2\/tags?post=8351"}],"curies":[{"name":"wp","href":"https:\/\/api.w.org\/{rel}","templated":true}]}}