{"id":8542,"date":"2021-12-22T09:12:42","date_gmt":"2021-12-22T09:12:42","guid":{"rendered":"https:\/\/vivreauportugalconsulting.com\/?p=8542"},"modified":"2021-12-22T09:12:45","modified_gmt":"2021-12-22T09:12:45","slug":"soutien-aux-familles-au-portugal","status":"publish","type":"post","link":"https:\/\/vivreauportugalconsulting.com\/fr_fr\/soutien-aux-familles-au-portugal\/","title":{"rendered":"Le soutien aux familles avanc\u00e9 d\u2019une semaine"},"content":{"rendered":"\n<p>L&rsquo;anticipation de la <a href=\"https:\/\/vivreauportugalconsulting.com\/portugal-mesures-avant-noel-covid-19\/\" data-type=\"URL\" data-id=\"https:\/\/vivreauportugalconsulting.com\/portugal-mesures-avant-noel-covid-19\/\">fermeture<\/a> des activit\u00e9s scolaires, en plus d&rsquo;autres mesures pr\u00e9vues pour la premi\u00e8re semaine de janvier, a \u00e9t\u00e9 d\u00e9cr\u00e9t\u00e9e en raison de l&rsquo;aggravation de la situation \u00e9pid\u00e9miologique au Portugal.<\/p>\n\n\n\n<h2 class=\"wp-block-heading\">Le soutien aux familles avanc\u00e9 d\u2019une semaine&nbsp;<\/h2>\n\n\n\n<p>Le gouvernement a d\u00e9cid\u00e9 d&rsquo;avancer le soutien aux familles \u00e0 la semaine prochaine, car la fermeture des cr\u00e8ches et des ateliers de loisirs (ATL), qui \u00e9tait pr\u00e9vue pour la semaine de confinement entre le 3 et le 9 janvier, aura lieu le 25 d\u00e9cembre.<\/p>\n\n\n\n<p>\u00ab\u00a0Nous aurons des soutiens familiaux. Au cours de la premi\u00e8re semaine de confinement, les \u00e9coles ne fonctionneront pas, car c&rsquo;est la semaine entre No\u00ebl et le Nouvel An, donc l&rsquo;aide ne s&rsquo;applique qu&rsquo;aux parents d&rsquo;enfants dans les cr\u00e8ches ou dans les ATL, qui fermeront.&nbsp;<\/p>\n\n\n\n<p>Dans la deuxi\u00e8me semaine, celle qui \u00e9tait d\u00e9j\u00e0 pr\u00e9vue et qui est le premier janvier, les \u00e9coles serait d\u00e9j\u00e0 ouverte et par cons\u00e9quence, nous accorderons ce soutien familial aussi aux parents qui ont des enfants dans les \u00e9coles\u00a0\u00bb, a d\u00e9clar\u00e9 le sous-secr\u00e9taire d&rsquo;\u00c9tat du Premier ministre, Tiago Antunes, parlant \u00e0 RTP3.<\/p>\n\n\n\n<p>En pratique, explique Tiago Antunes, \u00ab\u00a0le soutien est le m\u00eame, il vise simplement \u00e0 soutenir ce qui \u00e9tait cens\u00e9 \u00eatre ouvert et qui est finalement ferm\u00e9 : la premi\u00e8re semaine, ce sont les cr\u00e8ches et l&rsquo;ATL, la deuxi\u00e8me semaine, ce sont aussi les \u00e9coles\u00a0\u00bb.<\/p>\n\n\n\n<p>L&rsquo;anticipation de la fermeture de ces activit\u00e9s scolaires, en plus d&rsquo;autres mesures pr\u00e9vues pour la premi\u00e8re semaine de janvier, a \u00e9t\u00e9 d\u00e9cr\u00e9t\u00e9e en raison de l&rsquo;aggravation de la situation \u00e9pid\u00e9miologique au Portugal.<\/p>\n\n\n\n<p>Le gouvernement avait d\u00e9j\u00e0 annonc\u00e9 que le soutien aux familles reviendrait d\u00e8s la premi\u00e8re semaine de janvier. Vous trouverez plus d&rsquo;informations sur cette \u00ab\u00a0aide\u00a0\u00bb&nbsp;<a href=\"https:\/\/www.noticiasaominuto.com\/economia\/1896905\/apoio-famlia-est-prestes-a-regressar-como-funciona-em-cinco-questes\" target=\"_blank\" rel=\"noopener\">ici<\/a>.&nbsp;<\/p>\n\n\n\n<p><strong>L&rsquo;aide, rappelons-le, est destin\u00e9e \u00e0 ceux qui ont des enfants de moins de 12 ans, mais en cas de t\u00e9l\u00e9travail, elle ne concerne que les parents dont les enfants sont scolaris\u00e9s jusqu&rsquo;\u00e0 la 4e ann\u00e9e.<\/strong><\/p>\n","protected":false},"excerpt":{"rendered":"<p>r, a \u00e9t\u00e9 d\u00e9cr\u00e9t\u00e9e en raison de l&rsquo;aggravation de la situation \u00e9pid\u00e9miologique au Portugal.<\/p>\n","protected":false},"author":1,"featured_media":8384,"comment_status":"closed","ping_status":"open","sticky":false,"template":"","format":"standard","meta":{"neve_meta_sidebar":"","neve_meta_container":"","neve_meta_enable_content_width":"","neve_meta_content_width":0,"neve_meta_title_alignment":"","neve_meta_author_avatar":"","neve_post_elements_order":"","neve_meta_disable_header":"","neve_meta_disable_footer":"","neve_meta_disable_title":"","neve_meta_reading_time":"","_jetpack_memberships_contains_paid_content":false,"footnotes":"","jetpack_publicize_message":"En raison du confinement qui d\u00e9butera la semaine prochaine, le gouvernement portugais avance l'aide aux familles.\n\n#portugal #covid #soutien ","jetpack_publicize_feature_enabled":true,"jetpack_social_post_already_shared":true,"jetpack_social_options":{"image_generator_settings":{"template":"highway","default_image_id":0,"font":"","enabled":false},"version":2}},"categories":[1],"tags":[],"class_list":["post-8542","post","type-post","status-publish","format-standard","has-post-thumbnail","hentry","category-fiscalite-des-francais-au-portugal"],"jetpack_publicize_connections":[],"jetpack_featured_media_url":"https:\/\/i0.wp.com\/vivreauportugalconsulting.com\/wp-content\/uploads\/2021\/10\/Lassurance-scolaire-au-Portugal.jpg?fit=850%2C514&ssl=1","jetpack_sharing_enabled":true,"_links":{"self":[{"href":"https:\/\/vivreauportugalconsulting.com\/fr_fr\/wp-json\/wp\/v2\/posts\/8542","targetHints":{"allow":["GET"]}}],"collection":[{"href":"https:\/\/vivreauportugalconsulting.com\/fr_fr\/wp-json\/wp\/v2\/posts"}],"about":[{"href":"https:\/\/vivreauportugalconsulting.com\/fr_fr\/wp-json\/wp\/v2\/types\/post"}],"author":[{"embeddable":true,"href":"https:\/\/vivreauportugalconsulting.com\/fr_fr\/wp-json\/wp\/v2\/users\/1"}],"replies":[{"embeddable":true,"href":"https:\/\/vivreauportugalconsulting.com\/fr_fr\/wp-json\/wp\/v2\/comments?post=8542"}],"version-history":[{"count":0,"href":"https:\/\/vivreauportugalconsulting.com\/fr_fr\/wp-json\/wp\/v2\/posts\/8542\/revisions"}],"wp:featuredmedia":[{"embeddable":true,"href":"https:\/\/vivreauportugalconsulting.com\/fr_fr\/wp-json\/wp\/v2\/media\/8384"}],"wp:attachment":[{"href":"https:\/\/vivreauportugalconsulting.com\/fr_fr\/wp-json\/wp\/v2\/media?parent=8542"}],"wp:term":[{"taxonomy":"category","embeddable":true,"href":"https:\/\/vivreauportugalconsulting.com\/fr_fr\/wp-json\/wp\/v2\/categories?post=8542"},{"taxonomy":"post_tag","embeddable":true,"href":"https:\/\/vivreauportugalconsulting.com\/fr_fr\/wp-json\/wp\/v2\/tags?post=8542"}],"curies":[{"name":"wp","href":"https:\/\/api.w.org\/{rel}","templated":true}]}}