{"id":8716,"date":"2022-02-10T13:35:46","date_gmt":"2022-02-10T13:35:46","guid":{"rendered":"https:\/\/vivreauportugalconsulting.com\/?p=8716"},"modified":"2022-02-10T13:35:50","modified_gmt":"2022-02-10T13:35:50","slug":"hausse-pib-portugais","status":"publish","type":"post","link":"https:\/\/vivreauportugalconsulting.com\/fr_fr\/hausse-pib-portugais\/","title":{"rendered":"La Commission europ\u00e9enne r\u00e9vise \u00e0 la hausse le PIB portugais \u00e0 5,5 % en 2022"},"content":{"rendered":"\n<p>Lors de la mise \u00e0 jour des pr\u00e9visions, la Commission europ\u00e9enne a revu \u00e0 la hausse la croissance du Portugal, qui passera \u00e0 5,5 % en 2022, contre 5,3 % pr\u00e9c\u00e9demment estimer. Le PIB de la zone euro a \u00e9t\u00e9 r\u00e9vis\u00e9 \u00e0 la baisse.<\/p>\n\n\n\n<h2 class=\"wp-block-heading\" id=\"la-commission-europeenne-revise-a-la-hausse-le-pib-portugais-a-5-5-en-2022\">La Commission europ\u00e9enne r\u00e9vise \u00e0 la hausse le PIB portugais \u00e0 5,5 % en 2022<\/h2>\n\n\n\n<p>Apr\u00e8s une croissance de 4,9% en 2021, le Portugal se dirige vers une expansion \u00e9conomique de 5,5% cette ann\u00e9e, selon les derni\u00e8res pr\u00e9visions de la Commission europ\u00e9enne publi\u00e9es jeudi. Ce chiffre repr\u00e9sente une r\u00e9vision \u00e0 la hausse par rapport aux 5,3 % pr\u00e9c\u00e9demment pr\u00e9vus par l&rsquo;ex\u00e9cutif europ\u00e9en. Pour 2023, elle pr\u00e9voit une croissance du PIB de 2,6 %, contre 2,4 % \u00e0 l&rsquo;automne.<\/p>\n\n\n\n<p>Dans ses pr\u00e9visions pour l&rsquo;hiver, la Commission europ\u00e9enne indique que la r\u00e9cente vague d&rsquo;infections Covid-19 survenue au d\u00e9but de l&rsquo;ann\u00e9e, ainsi qu&rsquo;une \u00ab\u00a0nouvelle baisse\u00a0\u00bb du tourisme international, devrait avoir ralenti l&rsquo;activit\u00e9 \u00e9conomique pour la ramener \u00e0 une croissance de 0,5 % en glissement trimestriel au premier trimestre. Il convient toutefois de noter que ces pr\u00e9visions ne tiennent compte que des donn\u00e9es de janvier et qu&rsquo;il reste encore un mois et demi avant la fin du trimestre.<\/p>\n\n\n\n<p>En supposant que la situation de la pand\u00e9mie s&rsquo;am\u00e9liore, l&rsquo;ex\u00e9cutif communautaire voit l&rsquo;\u00e9conomie portugaise s&rsquo;acc\u00e9l\u00e9rer au deuxi\u00e8me trimestre, anticipant que c&rsquo;est \u00e0 ce moment que le PIB atteindra son niveau pr\u00e9-pand\u00e9mique, en termes trimestriels. Pour l&rsquo;ensemble de l&rsquo;ann\u00e9e, le produit int\u00e9rieur brut devrait s&rsquo;acc\u00e9l\u00e9rer pour atteindre une croissance de 5,5 % en 2022, puis ralentir \u00e0 2,6 % en 2023.<\/p>\n\n\n\n<div class=\"wp-block-image\"><figure class=\"aligncenter size-full\"><img data-recalc-dims=\"1\" fetchpriority=\"high\" decoding=\"async\" width=\"681\" height=\"669\" src=\"https:\/\/i0.wp.com\/vivreauportugalconsulting.com\/wp-content\/uploads\/2022\/02\/PIB-portugal.png?resize=681%2C669&#038;ssl=1\" alt=\"PIB portugais\" class=\"wp-image-8717\" srcset=\"https:\/\/i0.wp.com\/vivreauportugalconsulting.com\/wp-content\/uploads\/2022\/02\/PIB-portugal.png?w=681&amp;ssl=1 681w, https:\/\/i0.wp.com\/vivreauportugalconsulting.com\/wp-content\/uploads\/2022\/02\/PIB-portugal.png?resize=560%2C550&amp;ssl=1 560w, https:\/\/i0.wp.com\/vivreauportugalconsulting.com\/wp-content\/uploads\/2022\/02\/PIB-portugal.png?resize=275%2C270&amp;ssl=1 275w\" sizes=\"(max-width: 681px) 100vw, 681px\" \/><figcaption>Source : Pr\u00e9visions d&rsquo;hiver 2022 de la Commission europ\u00e9enne. Croissance du PIB et contributions.<\/figcaption><\/figure><\/div>\n\n\n\n<p>Dans le cas du Portugal, la Commission europ\u00e9enne consid\u00e8re que ces pr\u00e9visions comportent encore un certain degr\u00e9 de risque, car il est possible que le tourisme international soit \u00e0 nouveau affect\u00e9 par un \u00e9v\u00e9nement impr\u00e9vu li\u00e9 \u00e0 la pand\u00e9mie et aux perturbations des voyages.<\/p>\n\n\n\n<p>En ce qui concerne 2021, l&rsquo;ex\u00e9cutif communautaire affirme que la croissance de 4,9% d\u00e9j\u00e0 confirm\u00e9e par l&rsquo;Institut national de la statistique (<a href=\"https:\/\/ine.pt\/xportal\/xmain?xpgid=ine_main&amp;xpid=INE\" target=\"_blank\" rel=\"noreferrer noopener\">INE<\/a>)&nbsp;<strong>se traduit par une r\u00e9cup\u00e9ration d&rsquo;un peu plus de la moiti\u00e9 de la valeur perdue en 2020 avec la chute de 8,4% du PIB<\/strong>. Les composantes de l&rsquo;investissement et des exportations de biens ont d\u00e9j\u00e0 d\u00e9pass\u00e9 les niveaux d&rsquo;avant la pand\u00e9mie en 2021, selon la Commission, mais ce n&rsquo;est pas encore le cas de la consommation priv\u00e9e et surtout des exportations de services (tourisme).<\/p>\n\n\n\n<h3 class=\"wp-block-heading\" id=\"la-commission-europeenne-revise-a-la-baisse-la-croissance-de-la-zone-euro\">La Commission europ\u00e9enne r\u00e9vise \u00e0 la baisse la croissance de la zone euro<\/h3>\n\n\n\n<p>La r\u00e9vision \u00e0 la hausse des perspectives pour le Portugal contraste avec la r\u00e9vision \u00e0 la baisse du PIB de la zone euro. Si \u00e0 l&rsquo;automne, l&rsquo;ex\u00e9cutif communautaire tablait sur 4,3% en 2022, la croissance devrait d\u00e9sormais s&rsquo;\u00e9tablir \u00e0 4%. Toutefois, l&rsquo;expansion en 2023 a \u00e9t\u00e9 revue \u00e0 la hausse, passant de 2,4 % \u00e0 2,7 %, selon les nouvelles pr\u00e9visions hivernales.<\/p>\n\n\n\n<p>Ainsi, tant en 2022 qu&rsquo;en 2023, les chiffres de la Commission europ\u00e9enne indiquent que le Portugal converge vers la moyenne de la zone euro, car l&rsquo;\u00e9conomie portugaise devrait cro\u00eetre \u00e0 un rythme plus \u00e9lev\u00e9, ce qui contraste avec ce qui s&rsquo;est pass\u00e9 en 2020 et 2021. L&rsquo;ann\u00e9e derni\u00e8re, l&rsquo;\u00e9conomie de la zone euro a connu une croissance de 5,3 %, sup\u00e9rieure \u00e0 celle du Portugal (4,9 %). Et en 2020, l&rsquo;\u00e9conomie portugaise a connu une baisse plus importante que celle de l&rsquo;Europe.<\/p>\n","protected":false},"excerpt":{"rendered":"<p>Lors de la mise \u00e0 jour des pr\u00e9visions, la Commission europ\u00e9enne a revu \u00e0 la hausse la croissance du Portugal, qui passera \u00e0 5,5 % en 2022, contre 5,3 % pr\u00e9c\u00e9demment estimer. Le PIB de la zone euro a \u00e9t\u00e9 r\u00e9vis\u00e9 \u00e0 la baisse.<\/p>\n","protected":false},"author":1,"featured_media":8718,"comment_status":"closed","ping_status":"open","sticky":false,"template":"","format":"standard","meta":{"neve_meta_sidebar":"","neve_meta_container":"","neve_meta_enable_content_width":"","neve_meta_content_width":0,"neve_meta_title_alignment":"","neve_meta_author_avatar":"","neve_post_elements_order":"","neve_meta_disable_header":"","neve_meta_disable_footer":"","neve_meta_disable_title":"","neve_meta_reading_time":"","_jetpack_memberships_contains_paid_content":false,"footnotes":"","jetpack_publicize_message":"Lors de la mise \u00e0 jour des pr\u00e9visions, la Commission europ\u00e9enne a revu \u00e0 la hausse la croissance du Portugal, qui passera \u00e0 5,5 % en 2022, contre 5,3 % pr\u00e9c\u00e9demment estimer. Le PIB de la zone euro a \u00e9t\u00e9 r\u00e9vis\u00e9 \u00e0 la baisse.","jetpack_publicize_feature_enabled":true,"jetpack_social_post_already_shared":true,"jetpack_social_options":{"image_generator_settings":{"template":"highway","default_image_id":0,"font":"","enabled":false},"version":2}},"categories":[3308],"tags":[],"class_list":["post-8716","post","type-post","status-publish","format-standard","has-post-thumbnail","hentry","category-economie-du-portugal"],"jetpack_publicize_connections":[],"jetpack_featured_media_url":"https:\/\/i0.wp.com\/vivreauportugalconsulting.com\/wp-content\/uploads\/2022\/02\/PIB-portugais-2.jpg?fit=1400%2C875&ssl=1","jetpack_sharing_enabled":true,"_links":{"self":[{"href":"https:\/\/vivreauportugalconsulting.com\/fr_fr\/wp-json\/wp\/v2\/posts\/8716","targetHints":{"allow":["GET"]}}],"collection":[{"href":"https:\/\/vivreauportugalconsulting.com\/fr_fr\/wp-json\/wp\/v2\/posts"}],"about":[{"href":"https:\/\/vivreauportugalconsulting.com\/fr_fr\/wp-json\/wp\/v2\/types\/post"}],"author":[{"embeddable":true,"href":"https:\/\/vivreauportugalconsulting.com\/fr_fr\/wp-json\/wp\/v2\/users\/1"}],"replies":[{"embeddable":true,"href":"https:\/\/vivreauportugalconsulting.com\/fr_fr\/wp-json\/wp\/v2\/comments?post=8716"}],"version-history":[{"count":0,"href":"https:\/\/vivreauportugalconsulting.com\/fr_fr\/wp-json\/wp\/v2\/posts\/8716\/revisions"}],"wp:featuredmedia":[{"embeddable":true,"href":"https:\/\/vivreauportugalconsulting.com\/fr_fr\/wp-json\/wp\/v2\/media\/8718"}],"wp:attachment":[{"href":"https:\/\/vivreauportugalconsulting.com\/fr_fr\/wp-json\/wp\/v2\/media?parent=8716"}],"wp:term":[{"taxonomy":"category","embeddable":true,"href":"https:\/\/vivreauportugalconsulting.com\/fr_fr\/wp-json\/wp\/v2\/categories?post=8716"},{"taxonomy":"post_tag","embeddable":true,"href":"https:\/\/vivreauportugalconsulting.com\/fr_fr\/wp-json\/wp\/v2\/tags?post=8716"}],"curies":[{"name":"wp","href":"https:\/\/api.w.org\/{rel}","templated":true}]}}