{"id":8868,"date":"2022-07-28T14:45:48","date_gmt":"2022-07-28T13:45:48","guid":{"rendered":"https:\/\/vivreauportugalconsulting.com\/?p=8868"},"modified":"2022-08-26T11:54:27","modified_gmt":"2022-08-26T10:54:27","slug":"validite-permis-de-conduire-portugal","status":"publish","type":"post","link":"https:\/\/vivreauportugalconsulting.com\/fr_fr\/validite-permis-de-conduire-portugal\/","title":{"rendered":"La validit\u00e9 des permis de conduire \u00e9trangers sur le territoire portugais"},"content":{"rendered":"\n<p class=\"wp-block-paragraph\">Le r\u00e9cent d\u00e9cret-loi n\u00b0 46\/2022 a modifi\u00e9 et simplifi\u00e9 le droit de conduire des v\u00e9hicules \u00e0 moteur pour les titulaires de permis de conduire d\u00e9livr\u00e9s par les \u00c9tats membres de la Communaut\u00e9 europ\u00e9ens.<\/p>\n\n\n\n<h2 class=\"wp-block-heading\">La validit\u00e9 des permis de conduire \u00e9trangers sur le territoire portugais<\/h2>\n\n\n\n<p class=\"wp-block-paragraph\">R\u00e9cemment, le gouvernement a modifi\u00e9 le <a href=\"https:\/\/vivreauportugalconsulting.com\/immatriculer-sa-voiture-au-portugal\/\" data-type=\"post\" data-id=\"5391\">Code de la route<\/a>, par le biais du d\u00e9cret-loi n\u00ba46\/2022, du 12 juillet, afin d&rsquo;assouplir les conditions requises pour que le permis de conduire soit valable au Portugal.<\/p>\n\n\n\n<p class=\"wp-block-paragraph\">Il convient de rappeler qu&rsquo;actuellement, si le conducteur en question \u00e9tablit sa r\u00e9sidence au Portugal et si le permis de conduire a \u00e9t\u00e9 d\u00e9livr\u00e9 par un pays de l&rsquo;Union europ\u00e9enne ou de l&rsquo;Espace \u00e9conomique europ\u00e9en (EEE Norv\u00e8ge, Islande, Liechtenstein), il est tenu d&rsquo;enregistrer son permis aupr\u00e8s du bureau r\u00e9gional ou de district de l\u2019<a href=\"https:\/\/www.imt-ip.pt\/sites\/IMTT\/Portugues\/Paginas\/IMTHome.aspx\" target=\"_blank\" rel=\"noreferrer noopener\">IMT<\/a> de sa r\u00e9gion de r\u00e9sidence. Cette obligation d&rsquo;enregistrement, qui est pr\u00e9vue, doit \u00eatre faite dans les 60 jours, sous peine d&rsquo;infraction.<\/p>\n\n\n\n<p class=\"wp-block-paragraph\">En outre, si le permis d\u00e9livr\u00e9 par l&rsquo;autre \u00c9tat membre de l&rsquo;Union europ\u00e9enne est perp\u00e9tuel ou ne comporte pas de date d&rsquo;expiration, son titulaire est tenu de l&rsquo;\u00e9changer contre un permis portugais dans un d\u00e9lai de deux ans, ceux-ci \u00e9tant compt\u00e9s \u00e0 partir de la date d&rsquo;\u00e9tablissement de la r\u00e9sidence sur le territoire national.<\/p>\n\n\n\n<p class=\"wp-block-paragraph\">Si le permis de conduire \u00e9tranger est d\u00e9livr\u00e9 par un pays qui a conclu un accord bilat\u00e9ral avec le Portugal, le conducteur r\u00e9sidant au Portugal doit l&rsquo;\u00e9changer contre un permis portugais dans les deux ans qui suivent son installation au Portugal.<\/p>\n\n\n\n<p class=\"wp-block-paragraph\">Toutefois, dans le cas d&rsquo;un permis d\u00e9livr\u00e9 par un pays \u00e9tranger qui n&rsquo;adh\u00e8re pas aux conventions internationales sur la circulation routi\u00e8re, le conducteur concern\u00e9 devra l&rsquo;\u00e9changer imm\u00e9diatement et il ne sera pas valable pour conduire au Portugal.<\/p>\n\n\n\n<h3 class=\"wp-block-heading\">Les modifications contenues dans le d\u00e9cret de loi N\u00b0 46\/2022<\/h3>\n\n\n\n<p class=\"wp-block-paragraph\">Le d\u00e9cret-loi, r\u00e9cemment publi\u00e9, pr\u00e9conise un r\u00e9gime de simplification, en ce qui concerne le droit de conduire des v\u00e9hicules \u00e0 moteur au Portugal pour les citoyens dont la qualification a \u00e9t\u00e9 d\u00e9livr\u00e9e par des \u00c9tats membres appartenant \u00e0 l&rsquo;OCDE ou \u00e0 la CPLP, en vue de renforcer et d&rsquo;am\u00e9liorer la mobilit\u00e9 entre les citoyens de ces \u00c9tats. Les pays vis\u00e9s sont, entre autres, la Suisse, l&rsquo;Australie, le Canada, les \u00c9tats-Unis, la France, le Japon, le Br\u00e9sil, l&rsquo;Angola et le Cap-Vert.<\/p>\n\n\n\n<p class=\"wp-block-paragraph\">Par cons\u00e9quent, les permis de conduire d\u00e9livr\u00e9s par ces \u00c9tats membres seront d\u00e9sormais valables pour la conduite de v\u00e9hicules \u00e0 moteur au Portugal, \u00e0 condition que :&nbsp;<\/p>\n\n\n\n<ol class=\"wp-block-list\"><li>l&rsquo;\u00c9tat soit signataire de la Convention internationale sur la circulation routi\u00e8re ou d&rsquo;un accord bilat\u00e9ral avec l&rsquo;\u00c9tat portugais ;&nbsp;<\/li><li>il ne se soit pas \u00e9coul\u00e9 plus de 15 ans depuis la d\u00e9livrance ou le dernier renouvellement du permis et ;&nbsp;<\/li><li>le titulaire soit \u00e2g\u00e9 de moins de 60 ans.<\/li><\/ol>\n\n\n\n<p class=\"wp-block-paragraph\">Outre l&rsquo;obligation de remplir ces conditions, il faudra \u00e9galement que les titulaires des titres en question aient l&rsquo;\u00e2ge minimum requis par la loi portugaise pour le droit respectif c&rsquo;est-\u00e0-dire 18 ans &#8211; et, enfin, que lesdits titres ne soient pas saisis, suspendus, expir\u00e9s ou r\u00e9voqu\u00e9s en vertu d&rsquo;une disposition l\u00e9gale, d&rsquo;une d\u00e9cision administrative ou d&rsquo;une sentence judiciaire appliqu\u00e9e au titulaire (au Portugal ou dans l&rsquo;\u00c9tat \u00e9metteur).<\/p>\n\n\n\n<p class=\"wp-block-paragraph\">Par contre, si le titulaire du titre \u00e9mis par un \u00c9tat membre de l&rsquo;OCDE ou de la CPLP (et aussi de l&rsquo;Union europ\u00e9enne) a l&rsquo;intention d&rsquo;\u00e9changer le titre \u00e9tranger contre un titre portugais, cet \u00e9change sera toujours soumis \u00e0 l&rsquo;accomplissement de ce titre.<\/p>\n\n\n\n<p class=\"wp-block-paragraph\">Enfin, le nouveau d\u00e9cret-loi stipule que si le permis de conduire \u00e9tranger a \u00e9t\u00e9 obtenu en l&rsquo;\u00e9changeant contre un permis identique, il ne peut \u00eatre \u00e9chang\u00e9 contre un permis de conduire national que si le permis original a \u00e9t\u00e9 d\u00e9livr\u00e9 par :&nbsp;<\/p>\n\n\n\n<ol class=\"wp-block-list\"><li>\u00c9tat membre de l&rsquo;Union europ\u00e9enne ou de l&rsquo;Espace \u00e9conomique europ\u00e9en ;<\/li><li>\u00c9tat membre de l&rsquo;OCDE ou de la CPLP, \u00e0 condition que l&rsquo;\u00c9tat \u00e9metteur soit adh\u00e9rent \u00e0 l&rsquo;une des conventions internationales en mati\u00e8re de circulation routi\u00e8re ou ;<\/li><li>\u00c9tat avec lequel l&rsquo;\u00c9tat portugais a conclu une convention ou un trait\u00e9 international exigeant la reconnaissance mutuelle des permis.<\/li><\/ol>\n\n\n\n<h3 class=\"wp-block-heading\">L\u2019entr\u00e9e en vigueur&nbsp;<\/h3>\n\n\n\n<p class=\"wp-block-paragraph\">Les mesures de simplification contenues dans ces amendements entreront en vigueur le 1er ao\u00fbt 2022.<\/p>\n","protected":false},"excerpt":{"rendered":"<p>Le r\u00e9cent d\u00e9cret-loi n\u00b0 46\/2022 a modifi\u00e9 et simplifi\u00e9 le droit de conduire des v\u00e9hicules \u00e0 moteur pour les titulaires de permis de conduire d\u00e9livr\u00e9s par les \u00c9tats membres de la Communaut\u00e9 europ\u00e9ens.<\/p>\n","protected":false},"author":1,"featured_media":8877,"comment_status":"closed","ping_status":"open","sticky":false,"template":"","format":"standard","meta":{"neve_meta_sidebar":"","neve_meta_container":"","neve_meta_enable_content_width":"","neve_meta_content_width":0,"neve_meta_title_alignment":"","neve_meta_author_avatar":"","neve_post_elements_order":"","neve_meta_disable_header":"","neve_meta_disable_footer":"","neve_meta_disable_title":"","neve_meta_reading_time":"","_jetpack_newsletter_access":"","_jetpack_dont_email_post_to_subs":false,"_jetpack_newsletter_tier_id":0,"_jetpack_memberships_contains_paywalled_content":false,"_jetpack_feature_clip_id":0,"_jetpack_memberships_contains_paid_content":false,"footnotes":"","jetpack_publicize_message":"Le r\u00e9cent d\u00e9cret-loi a modifi\u00e9 et simplifi\u00e9 le droit de conduire des v\u00e9hicules \u00e0 moteur pour les titulaires de permis de conduire d\u00e9livr\u00e9s par les \u00c9tats membres de la Communaut\u00e9 europ\u00e9ens.","jetpack_publicize_feature_enabled":true,"jetpack_social_post_already_shared":true,"jetpack_social_options":{"image_generator_settings":{"template":"highway","default_image_id":0,"font":"","enabled":false},"version":2},"jetpack_post_was_ever_published":false},"categories":[1684],"tags":[],"class_list":["post-8868","post","type-post","status-publish","format-standard","has-post-thumbnail","hentry","category-fiscalites-des-expatrier-au-portugal"],"jetpack_publicize_connections":[],"jetpack_sharing_enabled":true,"jetpack_featured_media_url":"https:\/\/i0.wp.com\/vivreauportugalconsulting.com\/wp-content\/uploads\/2022\/07\/Permis-conduire.jpg?fit=521%2C366&ssl=1","_links":{"self":[{"href":"https:\/\/vivreauportugalconsulting.com\/fr_fr\/wp-json\/wp\/v2\/posts\/8868","targetHints":{"allow":["GET"]}}],"collection":[{"href":"https:\/\/vivreauportugalconsulting.com\/fr_fr\/wp-json\/wp\/v2\/posts"}],"about":[{"href":"https:\/\/vivreauportugalconsulting.com\/fr_fr\/wp-json\/wp\/v2\/types\/post"}],"author":[{"embeddable":true,"href":"https:\/\/vivreauportugalconsulting.com\/fr_fr\/wp-json\/wp\/v2\/users\/1"}],"replies":[{"embeddable":true,"href":"https:\/\/vivreauportugalconsulting.com\/fr_fr\/wp-json\/wp\/v2\/comments?post=8868"}],"version-history":[{"count":0,"href":"https:\/\/vivreauportugalconsulting.com\/fr_fr\/wp-json\/wp\/v2\/posts\/8868\/revisions"}],"wp:featuredmedia":[{"embeddable":true,"href":"https:\/\/vivreauportugalconsulting.com\/fr_fr\/wp-json\/wp\/v2\/media\/8877"}],"wp:attachment":[{"href":"https:\/\/vivreauportugalconsulting.com\/fr_fr\/wp-json\/wp\/v2\/media?parent=8868"}],"wp:term":[{"taxonomy":"category","embeddable":true,"href":"https:\/\/vivreauportugalconsulting.com\/fr_fr\/wp-json\/wp\/v2\/categories?post=8868"},{"taxonomy":"post_tag","embeddable":true,"href":"https:\/\/vivreauportugalconsulting.com\/fr_fr\/wp-json\/wp\/v2\/tags?post=8868"}],"curies":[{"name":"wp","href":"https:\/\/api.w.org\/{rel}","templated":true}]}}