{"id":8998,"date":"2022-09-06T10:12:54","date_gmt":"2022-09-06T09:12:54","guid":{"rendered":"https:\/\/vivreauportugalconsulting.com\/?p=8998"},"modified":"2022-09-06T10:12:57","modified_gmt":"2022-09-06T09:12:57","slug":"plant-anti-inflation-portugal","status":"publish","type":"post","link":"https:\/\/vivreauportugalconsulting.com\/fr_fr\/plant-anti-inflation-portugal\/","title":{"rendered":"Le gouvernement portugais pr\u00e9sente son plant anti-inflation"},"content":{"rendered":"\n<p>Hier soir, lors d\u2019une allocution t\u00e9l\u00e9vis\u00e9e, le gouvernement portugais par l&rsquo;interm\u00e9diaire du Premier ministre portugais, Antonio Costa a pr\u00e9sent\u00e9 son plant anti-inflation pour faire face \u00e0 l\u2019augmentation des prix du gaz et de l\u2019\u00e9lectricit\u00e9. Des mesures qui \u00e0 n\u2019en pas douter, aideront une tr\u00e8s grande majorit\u00e9 de la population \u00e0 faire face \u00e0 l\u2019envol\u00e9e des prix.\u00a0<\/p>\n\n\n\n<h2 class=\"wp-block-heading\">Le gouvernement portugais pr\u00e9sente son plant anti-inflation&nbsp;<\/h2>\n\n\n\n<p>Comme soulign\u00e9 par le gouvernement portugais hier soir, <a href=\"https:\/\/www.portugal.gov.pt\/pt\/gc23\/comunicacao\/noticia?i=governo-aprova-programa-de-2400-milhoes-para-apoiar-rendimentos-das-familias\" target=\"_blank\" rel=\"noreferrer noopener\">l\u2019ensemble des mesures de soutien<\/a>, qui ont pour objectif d&rsquo;att\u00e9nuer les effets de l&rsquo;inflation et de l&rsquo;augmentation des co\u00fbts \u00e9nerg\u00e9tiques, s\u2019\u00e9l\u00e8vera au total \u00e0 2,4 milliards d&rsquo;euros. Pour m\u00e9moire, les mesures concernent les domaines suivants : revenus, enfants et jeunes, retrait\u00e9s, \u00e9lectricit\u00e9, gaz et carburant, loyers et transports.<\/p>\n\n\n\n<h3 class=\"wp-block-heading\">Qu\u2019elles sont les aides accord\u00e9es:&nbsp;<\/h3>\n\n\n\n<ul class=\"wp-block-list\"><li>R\u00e9duction de la TVA sur la fourniture d&rsquo;\u00e9lectricit\u00e9 de 13 % actuellement \u00e0 6 %, une mesure en vigueur jusqu&rsquo;en d\u00e9cembre 2023 ;<\/li><li>Prolongation jusqu&rsquo;\u00e0 la fin de l&rsquo;ann\u00e9e de la suspension de l&rsquo;augmentation de la taxe carbone, du retour aux citoyens des recettes suppl\u00e9mentaires de la TVA et de la r\u00e9duction du PSI.<\/li><li>Attribution d&rsquo;un paiement extraordinaire de 125 euros \u00e0 chaque citoyen ne percevant pas de pension et dont le revenu ne d\u00e9passe pas 2 700 euros par mois ;<\/li><li>Attribution \u00e0 toutes les familles, ind\u00e9pendamment de leurs revenus, d&rsquo;un versement extraordinaire de 50 euros pour chaque enfant \u00e0 charge jusqu&rsquo;\u00e0 24 ans ;<\/li><li>Paiement aux retrait\u00e9s de 14 mois et demi de pension, au lieu des 14 mois habituels, la demi-pension suppl\u00e9mentaire \u00e9tant vers\u00e9e en octobre ;<\/li><li>Augmentation des pensions en 2023 de 4,43 % pour les pensions jusqu&rsquo;\u00e0 886 euros, de 4,07 % pour les pensions entre 886 et 2 659 euros, et de 3,53 % pour les autres pensions soumises \u00e0 actualisation ;<\/li><li>Gel des prix des abonnements de transport public et des billets de CP pendant toute l&rsquo;ann\u00e9e 2023 ;<\/li><li>Limitation de l&rsquo;actualisation maximale des loyers des logements et des commerces \u00e0 2 % en 2023 ;<\/li><li>Cr\u00e9ation d&rsquo;un soutien extraordinaire \u00e0 la location, par l&rsquo;attribution d&rsquo;un avantage fiscal aux propri\u00e9taires sur les revenus de la propri\u00e9t\u00e9 en termes d&rsquo;IRS ou IRC.<\/li><\/ul>\n\n\n\n<figure class=\"wp-block-embed aligncenter is-type-rich is-provider-twitter wp-block-embed-twitter\"><div class=\"wp-block-embed__wrapper\">\n<span class=\"nSiwplYALHBa\"><blockquote class=\"twitter-tweet\" data-width=\"550\" data-dnt=\"true\"><p lang=\"pt\" dir=\"ltr\">Governo aprova programa de 2400 milh\u00f5es para apoiar rendimentos das fam\u00edlias<a href=\"https:\/\/t.co\/5SYPRK1SOf\">https:\/\/t.co\/5SYPRK1SOf<\/a><\/p>&mdash; Rep\u00fablica Portuguesa (@govpt) <a href=\"https:\/\/twitter.com\/govpt\/status\/1566898072885526531?ref_src=twsrc%5Etfw\" target=\"_blank\" rel=\"noopener\">September 5, 2022<\/a><\/blockquote><script async src=\"https:\/\/platform.twitter.com\/widgets.js\" charset=\"utf-8\"><\/script><\/span>\n<\/div><\/figure>\n\n\n\n<p>Les huit mesures ont \u00e9t\u00e9 approuv\u00e9es lors d&rsquo;un <a href=\"https:\/\/vivreauportugalconsulting.com\/autovoucher-aide-20-euros-prend-fin\/\" data-type=\"post\" data-id=\"8760\">Conseil des ministres<\/a> extraordinaire tenu lundi et pr\u00e9sent\u00e9es le m\u00eame jour dans la nuit par le Premier ministre, Ant\u00f3nio Costa, \u00e0 Lisbonne. La promulgation du dipl\u00f4me par le Pr\u00e9sident de la R\u00e9publique est intervenue alors que le Premier ministre achevait encore la pr\u00e9sentation de ces mesures lors de sa conf\u00e9rence de presse au Palais national d&rsquo;Ajuda.<\/p>\n","protected":false},"excerpt":{"rendered":"<p>le gouvernement portugais par l&rsquo;interm\u00e9diaire du Premier ministre portugais, Antonio Costa a pr\u00e9sent\u00e9 les principales mesures permettant de faire face \u00e0 l\u2019augmentation des prix<\/p>\n","protected":false},"author":1,"featured_media":9001,"comment_status":"closed","ping_status":"open","sticky":false,"template":"","format":"standard","meta":{"neve_meta_sidebar":"","neve_meta_container":"","neve_meta_enable_content_width":"","neve_meta_content_width":0,"neve_meta_title_alignment":"","neve_meta_author_avatar":"","neve_post_elements_order":"","neve_meta_disable_header":"","neve_meta_disable_footer":"","neve_meta_disable_title":"","neve_meta_reading_time":"","_jetpack_memberships_contains_paid_content":false,"footnotes":"","jetpack_publicize_message":"Hier soir, lors d\u2019une allocution t\u00e9l\u00e9vis\u00e9e, le gouvernement portugais par l'interm\u00e9diaire du Premier ministre portugais, Antonio Costa a pr\u00e9sent\u00e9 son plant anti-inflation","jetpack_publicize_feature_enabled":true,"jetpack_social_post_already_shared":true,"jetpack_social_options":{"image_generator_settings":{"template":"highway","default_image_id":0,"font":"","enabled":false},"version":2}},"categories":[3308],"tags":[3300],"class_list":["post-8998","post","type-post","status-publish","format-standard","has-post-thumbnail","hentry","category-economie-du-portugal","tag-portugal"],"jetpack_publicize_connections":[],"jetpack_featured_media_url":"https:\/\/i0.wp.com\/vivreauportugalconsulting.com\/wp-content\/uploads\/2022\/09\/inflation.jpg?fit=1920%2C1080&ssl=1","jetpack_sharing_enabled":true,"_links":{"self":[{"href":"https:\/\/vivreauportugalconsulting.com\/fr_fr\/wp-json\/wp\/v2\/posts\/8998","targetHints":{"allow":["GET"]}}],"collection":[{"href":"https:\/\/vivreauportugalconsulting.com\/fr_fr\/wp-json\/wp\/v2\/posts"}],"about":[{"href":"https:\/\/vivreauportugalconsulting.com\/fr_fr\/wp-json\/wp\/v2\/types\/post"}],"author":[{"embeddable":true,"href":"https:\/\/vivreauportugalconsulting.com\/fr_fr\/wp-json\/wp\/v2\/users\/1"}],"replies":[{"embeddable":true,"href":"https:\/\/vivreauportugalconsulting.com\/fr_fr\/wp-json\/wp\/v2\/comments?post=8998"}],"version-history":[{"count":0,"href":"https:\/\/vivreauportugalconsulting.com\/fr_fr\/wp-json\/wp\/v2\/posts\/8998\/revisions"}],"wp:featuredmedia":[{"embeddable":true,"href":"https:\/\/vivreauportugalconsulting.com\/fr_fr\/wp-json\/wp\/v2\/media\/9001"}],"wp:attachment":[{"href":"https:\/\/vivreauportugalconsulting.com\/fr_fr\/wp-json\/wp\/v2\/media?parent=8998"}],"wp:term":[{"taxonomy":"category","embeddable":true,"href":"https:\/\/vivreauportugalconsulting.com\/fr_fr\/wp-json\/wp\/v2\/categories?post=8998"},{"taxonomy":"post_tag","embeddable":true,"href":"https:\/\/vivreauportugalconsulting.com\/fr_fr\/wp-json\/wp\/v2\/tags?post=8998"}],"curies":[{"name":"wp","href":"https:\/\/api.w.org\/{rel}","templated":true}]}}