{"id":9028,"date":"2022-10-18T09:07:23","date_gmt":"2022-10-18T08:07:23","guid":{"rendered":"https:\/\/vivreauportugalconsulting.com\/?p=9028"},"modified":"2023-12-18T15:12:05","modified_gmt":"2023-12-18T15:12:05","slug":"les-portugais-vivent-dans-la-pauvrete","status":"publish","type":"post","link":"https:\/\/vivreauportugalconsulting.com\/fr_fr\/les-portugais-vivent-dans-la-pauvrete\/","title":{"rendered":"50% des Portugais vivent sous le seuil de pauvret\u00e9"},"content":{"rendered":"\n<p>La premi\u00e8re ann\u00e9e de la pand\u00e9mie a touch\u00e9 tous les pays europ\u00e9ens, mais elle a eu un impact plus n\u00e9gatif sur le Portugal et les Portugais. Le 17 octobre, le monde c\u00e9l\u00e8bre la Journ\u00e9e internationale pour l&rsquo;\u00e9limination de la pauvret\u00e9. Au Portugal 50% des Portugais vivent sous le seuil de pauvret\u00e9.&nbsp;<\/p>\n\n\n\n<p>En effet, il faut remonter \u00e0 2014, ann\u00e9e de la fin de la troisi\u00e8me intervention de la tro\u00efka dans le pays, pour trouver une augmentation aussi importante du nombre de personnes en risque de pauvret\u00e9 ou d&rsquo;exclusion sociale.<\/p>\n\n\n\n<h2 class=\"wp-block-heading\">50% des Portugais vivent sous le seuil de pauvret\u00e9&nbsp;<\/h2>\n\n\n\n<p>La pauvret\u00e9 au Portugal qui suivait une tendance \u00e0 la hausse depuis 2017, c\u2019est poursuivi apr\u00e8s deux ann\u00e9es de pand\u00e9mie et avec l&rsquo;arriv\u00e9e de la guerre en Europe, la situation s&rsquo;est m\u00eame aggrav\u00e9e et la pr\u00e9vision est qu&rsquo;elle va encore s&rsquo;aggraver.<\/p>\n\n\n\n<p>Il s&rsquo;agit d&rsquo;une nouvelle crise mondiale, qui frappe les couches les plus vuln\u00e9rables de la soci\u00e9t\u00e9 de mani\u00e8re tr\u00e8s particuli\u00e8re, acc\u00e9l\u00e9rant la d\u00e9gradation d&rsquo;une situation d\u00e9j\u00e0 pr\u00e9caire. Le Portugal, qui a d\u00e9j\u00e0 enregistr\u00e9 une tendance inqui\u00e9tante en termes d&rsquo;augmentation de la pauvret\u00e9, a \u00e9galement \u00e9t\u00e9 touch\u00e9 par le panorama actuel, qui non seulement rend difficile l&rsquo;am\u00e9lioration de cette situation, mais l&rsquo;aggrave \u00e9galement, avertit&nbsp;<a href=\"https:\/\/www.pordata.pt\/portugal\/taxa+de+risco+de+pobreza+apos+transferencias+sociais+total+e+por+composicao+do+agregado+domestico+privado-3008\" target=\"_blank\" rel=\"noopener\">Pordata<\/a>&nbsp;dans une \u00e9tude publi\u00e9e lundi.<\/p>\n\n\n\n<p>Pour parvenir \u00e0 ces conclusions, des donn\u00e9es telles que \u00ab\u00a0l&rsquo;\u00e2ge, la famille, le travail ou la vie quotidienne des citoyens\u00a0\u00bb ont \u00e9t\u00e9 analys\u00e9es pour comprendre que trois groupes sont les plus touch\u00e9s :&nbsp;<\/p>\n\n\n\n<ul class=\"wp-block-list\"><li>les familles avec enfants ;&nbsp;<\/li><li>les ch\u00f4meurs ;&nbsp;<\/li><li>les personnes de plus de 65 ans.<\/li><\/ul>\n\n\n\n<p>Lu\u00edsa Loura, directrice de Pordata, a r\u00e9v\u00e9l\u00e9 des donn\u00e9es plus concr\u00e8tes \u00e0 la t\u00e9l\u00e9vision hier soir. Le Portugal a une population pauvre, bas\u00e9e sur le seul revenu &#8211; c&rsquo;est-\u00e0-dire sans compter les aides sociales, d\u2019environ 4,4 millions de personnes, un chiffre qui, selon elle, tombe \u00e0 environ 1,9 million de personnes si l&rsquo;on tient compte des aides sociales telles que le \u00ab\u00a0Rendimento Social de Inser\u00e7\u00e3o (RSI).<\/p>\n\n\n\n<p>Il s&rsquo;agit donc de pr\u00e8s de la moiti\u00e9 de la population portugaise. Si nous ne regardons de plus pr\u00e8s : 40 % des m\u00e9nages gagnaient en 2020, selon les donn\u00e9es de Pordata environ 833 \u20ac par mois.&nbsp;<\/p>\n\n\n\n<p>Quant aux ch\u00f4meurs, l&rsquo;ann\u00e9e 2020 a vu un renversement de tendance. Si depuis 2014, le nombre d&rsquo;inscrits \u00e0 P\u00f4le emploi \u00e9tait en baisse, l&rsquo;arriv\u00e9e de la pand\u00e9mie a vu une augmentation de 22,5% par rapport \u00e0 2019. Et l&rsquo;ann\u00e9e derni\u00e8re, non seulement il n&rsquo;y a pas eu de recul, mais il a augment\u00e9 d&rsquo;environ 23 % par rapport \u00e0 la p\u00e9riode pr\u00e9-pand\u00e9mique.<\/p>\n\n\n\n<p>Bien qu&rsquo;avec une augmentation moins expressive, mais importante pour le sc\u00e9nario global, en 2021 il y a plus de personnes qui re\u00e7oivent le revenu d&rsquo;insertion sociale (RSI), ce qui repr\u00e9sente une augmentation de 1,6% par rapport \u00e0 2020. Encore une tendance qui n&rsquo;a pas \u00e9t\u00e9 observ\u00e9e depuis 2012, ce qui signifie que m\u00eame si les chiffres sont actuellement tr\u00e8s \u00e9loign\u00e9s de ceux d&rsquo;il y a dix ans, la tendance \u00e0 la baisse enregistr\u00e9e depuis lors a \u00e9t\u00e9 interrompue l&rsquo;ann\u00e9e derni\u00e8re.<\/p>\n\n\n\n<p>En ce qui concerne les personnes \u00e2g\u00e9es (plus de 65 ans), en 2021, il y avait 1,6 million de retrait\u00e9s de la S\u00e9curit\u00e9 sociale suppl\u00e9mentaires vivant avec des pensions inf\u00e9rieures au salaire minimum national (665 euros).<\/p>\n\n\n\n<h2 class=\"wp-block-heading\">Les Portugais sont-ils capables d&rsquo;affronter l&rsquo;hiver ?<\/h2>\n\n\n\n<p>Si l&rsquo;on remonte \u00e0 2020, le Portugal \u00e9tait l&rsquo;un des pays <a href=\"https:\/\/vivreauportugalconsulting.com\/le-portugal-5e-pays-le-plus-mal-chauffe\/\" data-type=\"URL\" data-id=\"https:\/\/vivreauportugalconsulting.com\/le-portugal-5e-pays-le-plus-mal-chauffe\/\">les moins bien class\u00e9s<\/a>. Elle \u00e9tait la deuxi\u00e8me parmi les 27 de l&rsquo;Union europ\u00e9enne \u00e0 compter le plus de personnes vivant dans des logements en mauvais \u00e9tat (25 %) et la cinqui\u00e8me \u00e0 conna\u00eetre le plus de froid (16 %). Un an plus tard, en 2021, le tableau est rest\u00e9 le m\u00eame.<\/p>\n\n\n\n<p>Ce nombre augmente un peu si l&rsquo;on ajoute les personnes qui, malgr\u00e9 les revenus et les aides sociales, restent au-dessus du seuil de pauvret\u00e9, mais qui n&rsquo;ont alors pas les conditions mat\u00e9rielles, le logement, la nourriture, le chauffage dans leur maison, ce nombre s&rsquo;\u00e9l\u00e8ve \u00e0 environ 400 000 personnes en tenant compte du 1,9 milliard\u00a0\u00bb, pr\u00e9cise Lu\u00edsa Loura.<\/p>\n\n\n\n<p>Mais il y a une statistique dans laquelle le Portugal se distingue du c\u00f4t\u00e9 positif : la privation de nourriture. Nous sommes le deuxi\u00e8me pays parmi les 27 o\u00f9 plus de personnes pauvres parviennent \u00e0 garantir un repas de viande, de poisson ou d&rsquo;\u00e9quivalent v\u00e9g\u00e9tarien tous les deux jours (6% n&rsquo;y parviennent pas).<\/p>\n\n\n\n<h2 class=\"wp-block-heading\">L\u2019inflation : un ph\u00e9nom\u00e8ne qui dure depuis plusieurs ann\u00e9es<\/h2>\n\n\n\n<p>Pordata montre en chiffres ce que les partis de gauche et de droite ont critiqu\u00e9 \u00e0 propos du projet de budget de l&rsquo;\u00c9tat (OE) pour 2023. En d&rsquo;autres termes, le taux d&rsquo;inflation augmente, mais le salaire minimum national, ainsi que les pensions de vieillesse et d&rsquo;invalidit\u00e9, ne suivent pas.<\/p>\n\n\n\n<p>Ce n&rsquo;est pourtant pas nouveau. Depuis 1978, ann\u00e9e \u00e0 partir de laquelle on dispose d&rsquo;enregistrements, jusqu&rsquo;\u00e0 aujourd&rsquo;hui, en comptant les \u00ab\u00a0principaux pics d&rsquo;inflation qui ont eu lieu en 1984 (28,5% et l&rsquo;ann\u00e9e de l&rsquo;intervention de la tro\u00efka au Portugal) et en 1990 (13,6%)\u00a0\u00bb, il y a \u00ab\u00a0plusieurs p\u00e9riodes o\u00f9 son augmentation a \u00e9t\u00e9 inf\u00e9rieure \u00e0 la hausse de l&rsquo;inflation\u00a0\u00bb.<\/p>\n\n\n\n<p>Dans la situation actuelle, avec une inflation de 9,3 % (donn\u00e9es INE de septembre), c&rsquo;est-\u00e0-dire au niveau de 1992 (9,6 %), la perte de pouvoir d&rsquo;achat pour les b\u00e9n\u00e9ficiaires du salaire minimum est r\u00e9elle.<\/p>\n","protected":false},"excerpt":{"rendered":"<p>La premi\u00e8re ann\u00e9e de la pand\u00e9mie a touch\u00e9 tous les pays europ\u00e9ens, mais elle a eu un impact plus n\u00e9gatif sur le Portugal et les Portugais. <\/p>\n","protected":false},"author":1,"featured_media":9029,"comment_status":"closed","ping_status":"open","sticky":false,"template":"","format":"standard","meta":{"neve_meta_sidebar":"","neve_meta_container":"","neve_meta_enable_content_width":"","neve_meta_content_width":0,"neve_meta_title_alignment":"","neve_meta_author_avatar":"","neve_post_elements_order":"","neve_meta_disable_header":"","neve_meta_disable_footer":"","neve_meta_disable_title":"","neve_meta_reading_time":"","_jetpack_memberships_contains_paid_content":false,"footnotes":"","jetpack_publicize_message":"La premi\u00e8re ann\u00e9e de la pand\u00e9mie a touch\u00e9 tous les pays europ\u00e9ens, mais elle a eu un impact plus n\u00e9gatif sur le Portugal.","jetpack_publicize_feature_enabled":true,"jetpack_social_post_already_shared":true,"jetpack_social_options":{"image_generator_settings":{"template":"highway","default_image_id":0,"font":"","enabled":false},"version":2}},"categories":[3307],"tags":[],"class_list":["post-9028","post","type-post","status-publish","format-standard","has-post-thumbnail","hentry","category-consommation-au-portugal"],"jetpack_publicize_connections":[],"jetpack_featured_media_url":"https:\/\/i0.wp.com\/vivreauportugalconsulting.com\/wp-content\/uploads\/2022\/10\/pauvrete%CC%81-portugal.webp?fit=962%2C503&ssl=1","jetpack_sharing_enabled":true,"_links":{"self":[{"href":"https:\/\/vivreauportugalconsulting.com\/fr_fr\/wp-json\/wp\/v2\/posts\/9028","targetHints":{"allow":["GET"]}}],"collection":[{"href":"https:\/\/vivreauportugalconsulting.com\/fr_fr\/wp-json\/wp\/v2\/posts"}],"about":[{"href":"https:\/\/vivreauportugalconsulting.com\/fr_fr\/wp-json\/wp\/v2\/types\/post"}],"author":[{"embeddable":true,"href":"https:\/\/vivreauportugalconsulting.com\/fr_fr\/wp-json\/wp\/v2\/users\/1"}],"replies":[{"embeddable":true,"href":"https:\/\/vivreauportugalconsulting.com\/fr_fr\/wp-json\/wp\/v2\/comments?post=9028"}],"version-history":[{"count":0,"href":"https:\/\/vivreauportugalconsulting.com\/fr_fr\/wp-json\/wp\/v2\/posts\/9028\/revisions"}],"wp:featuredmedia":[{"embeddable":true,"href":"https:\/\/vivreauportugalconsulting.com\/fr_fr\/wp-json\/wp\/v2\/media\/9029"}],"wp:attachment":[{"href":"https:\/\/vivreauportugalconsulting.com\/fr_fr\/wp-json\/wp\/v2\/media?parent=9028"}],"wp:term":[{"taxonomy":"category","embeddable":true,"href":"https:\/\/vivreauportugalconsulting.com\/fr_fr\/wp-json\/wp\/v2\/categories?post=9028"},{"taxonomy":"post_tag","embeddable":true,"href":"https:\/\/vivreauportugalconsulting.com\/fr_fr\/wp-json\/wp\/v2\/tags?post=9028"}],"curies":[{"name":"wp","href":"https:\/\/api.w.org\/{rel}","templated":true}]}}